{"id":7132,"date":"2025-04-08T06:00:50","date_gmt":"2025-04-08T06:00:50","guid":{"rendered":"https:\/\/bluegemsaba.com\/?p=7132"},"modified":"2026-04-10T15:54:16","modified_gmt":"2026-04-10T15:54:16","slug":"the-hippocampus-and-autism","status":"publish","type":"post","link":"https:\/\/bluegemsaba.com\/es\/the-hippocampus-and-autism\/","title":{"rendered":"El hipocampo y el autismo"},"content":{"rendered":"<p>Cient\u00edficos e investigadores han estado estudiando <u><a href=\"https:\/\/bluegemsaba.com\/es\/what-is-autism\/\">trastorno del espectro autista (TEA)<\/a><\/u> durante a\u00f1os, en busca de un mayor conocimiento de las causas del autismo y de algunos de sus factores de riesgo, entre otros temas. En los \u00faltimos a\u00f1os se ha avanzado mucho en estas \u00e1reas de estudio, aunque todav\u00eda se desconoce mucho.<\/p>\n<p>Por el momento, no se ha identificado una causa definitiva del autismo, ni un \u00fanico factor de riesgo. En cambio, en general se cree que existen m\u00faltiples factores de riesgo para desarrollar TEA, como la gen\u00e9tica, la edad de los padres, la exposici\u00f3n a toxinas y contaminantes, la salud prenatal de la madre y la exposici\u00f3n a determinados medicamentos, por ejemplo.<\/p>\n<p>En los \u00faltimos a\u00f1os tambi\u00e9n se ha investigado mucho por qu\u00e9 ciertos s\u00edntomas y efectos del autismo son como son. Por ejemplo, \u00bfpor qu\u00e9 los ni\u00f1os autistas tienen una memoria muy diferente a la de los ni\u00f1os neurot\u00edpicos?<\/p>\n<p>Algunos estudios han sugerido que las alteraciones del hipocampo del cerebro podr\u00edan ser el resultado. M\u00e1s adelante hablaremos de esta posibilidad y de la relaci\u00f3n entre el hipocampo y el autismo.<\/p>\n<div  class='hr av-cx44e2-532f48488eab70dd2adc94fccc639286 hr-short  avia-builder-el-0  el_before_av_sidebar  avia-builder-el-first  hr-center'><span class='hr-inner'><span class=\"hr-inner-style\"><\/span><\/span><\/div>\n<p><strong>\u00cdndice<\/strong><\/p>\n<div  class='avia-builder-widget-area clearfix  avia-builder-el-1  el_after_av_hr  el_before_av_hr'><div id=\"avia_auto_toc-3\" class=\"widget clearfix avia-widget-container avia_auto_toc avia_no_block_preview\"><div class=\"avia-preview-headline\">\u00cdndice Enfold<\/div><div class=\"avia-preview-info\">T\u00edtulo: <\/div><div class=\"avia-preview-in-front\">La tabla s\u00f3lo puede mostrarse en el frontend.<\/div><\/div><\/div>\n<div  class='hr av-9mpv16-a429751d52db86258439e5bf75d4bae4 hr-short  avia-builder-el-2  el_after_av_sidebar  avia-builder-el-last  hr-center'><span class='hr-inner'><span class=\"hr-inner-style\"><\/span><\/span><\/div>\n<h2 style=\"text-align: left;\"><strong>\u00bfQu\u00e9 es el hipocampo?<\/strong><\/h2>\n<p>El hipocampo est\u00e1 situado en el cerebro<a href=\"#reference1\"><sup><u>1<\/u><\/sup><\/a>. Es s\u00f3lo una peque\u00f1a parte, pero su funci\u00f3n es bastante amplia: ayuda a la memoria y al aprendizaje.<a href=\"#reference2\"><sup><u>2<\/u><\/sup><\/a>.<\/p>\n<p>Esta parte del cerebro se encarga de tomar los recuerdos a corto plazo y convertirlos en recuerdos a largo plazo. Esto se consigue almacenando y organizando informaci\u00f3n en el cerebro y ayud\u00e1ndole a recuperar esos recuerdos.<\/p>\n<p>El hipocampo tambi\u00e9n desempe\u00f1a un papel en la memoria espacial<a href=\"#reference3\"><sup><u>3<\/u><\/sup><\/a>que le permite conocer el entorno que le rodea. Tambi\u00e9n desempe\u00f1a un papel en la memoria verbal, que te ayuda a elegir las palabras adecuadas al hablar<a href=\"#reference4\"><sup><u>4<\/u><\/sup><\/a>.<\/p>\n<p>Trabaja muy estrechamente con otras partes del cerebro que necesitan la informaci\u00f3n que el hipocampo crea y luego almacena. Por ejemplo, la am\u00edgdala y el hipocampo trabajan conjuntamente para conectar emociones y recuerdos.<a href=\"#reference5\"><sup><u>5<\/u><\/sup><\/a>.<\/p>\n<div style=\"overflow-x: auto;\">\n<table style=\"width: 100%; border-collapse: collapse;\">\n<thead style=\"background-color: #87ceeb;\">\n<tr>\n<th style=\"padding: 8px; text-align: left; font-weight: bold; border-top-left-radius: 8px;\">Funci\u00f3n<\/th>\n<th style=\"padding: 8px; text-align: left; font-weight: bold; border-top-right-radius: 8px;\">Papel<\/th>\n<\/tr>\n<\/thead>\n<tbody>\n<tr>\n<td style=\"padding: 8px; vertical-align: top;\">Conversi\u00f3n de memoria<\/td>\n<td style=\"padding: 8px; vertical-align: top;\">De corto a largo plazo<\/td>\n<\/tr>\n<tr>\n<td style=\"padding: 8px; vertical-align: top;\">Memoria espacial<\/td>\n<td style=\"padding: 8px; vertical-align: top;\">Comprender el entorno<\/td>\n<\/tr>\n<tr>\n<td style=\"padding: 8px; vertical-align: top;\">Memoria verbal<\/td>\n<td style=\"padding: 8px; vertical-align: top;\">Seleccionar las palabras adecuadas<\/td>\n<\/tr>\n<\/tbody>\n<\/table>\n<\/div>\n<h2 style=\"text-align: left;\"><strong>\u00bfCu\u00e1l es la relaci\u00f3n entre el autismo, la am\u00edgdala y el hipocampo?<\/strong><\/h2>\n<p>Se ha descubierto que la estructura de la am\u00edgdala y el hipocampo es diferente en los ni\u00f1os con TEA que en sus compa\u00f1eros neurot\u00edpicos. Las investigaciones han llegado a la conclusi\u00f3n de que las personas con autismo suelen tener el hipocampo m\u00e1s grande y la am\u00edgdala m\u00e1s peque\u00f1a.<a href=\"#reference6\"><sup><u>6<\/u><\/sup><\/a>.<\/p>\n<p><img decoding=\"async\" class=\"aligncenter size-full wp-image-7135\" src=\"https:\/\/bluegemsaba.com\/wp-content\/uploads\/2025\/04\/The-Hippocampus-and-Autism-Image.png\" alt=\"\" width=\"600\" height=\"375\" srcset=\"https:\/\/bluegemsaba.com\/wp-content\/uploads\/2025\/04\/The-Hippocampus-and-Autism-Image.png 600w, https:\/\/bluegemsaba.com\/wp-content\/uploads\/2025\/04\/The-Hippocampus-and-Autism-Image-300x188.png 300w, https:\/\/bluegemsaba.com\/wp-content\/uploads\/2025\/04\/The-Hippocampus-and-Autism-Image-18x12.png 18w\" sizes=\"(max-width: 600px) 100vw, 600px\" \/><\/p>\n<p>A\u00fan no se sabe a ciencia cierta por qu\u00e9 ocurre esto, aunque los investigadores han teorizado que podr\u00eda deberse a diferencias en el desarrollo del cerebro a una edad temprana o a factores gen\u00e9ticos.<\/p>\n<p>El hecho de que la am\u00edgdala sea m\u00e1s peque\u00f1a podr\u00eda explicar por qu\u00e9 los ni\u00f1os autistas suelen padecer m\u00e1s miedo, estr\u00e9s, ansiedad y preocupaci\u00f3n.<a href=\"#reference7\"><sup><u>7<\/u><\/sup><\/a>. Por lo tanto, podr\u00eda explicar por qu\u00e9 se agobian f\u00e1cilmente incluso con peque\u00f1os cambios en su rutina o evitan por completo las interacciones sociales.<\/p>\n<p>El mayor tama\u00f1o del hipocampo tambi\u00e9n podr\u00eda explicar por qu\u00e9 los ni\u00f1os autistas tienen problemas para crear nuevos recuerdos.<a href=\"#reference8\"><sup><u>8<\/u><\/sup><\/a>. Tambi\u00e9n podr\u00eda ser la raz\u00f3n por la que a algunos ni\u00f1os con TEA les cuesta recordar experiencias pasadas o aprender informaci\u00f3n nueva.<\/p>\n<div style=\"overflow-x: auto; display: block; white-space: nowrap;\">\n<table style=\"border-collapse: separate; border-spacing: 0; border: 1px solid #ccc; border-radius: 12px; width: 100%; word-wrap: break-word; white-space: normal; text-align: left;\">\n<thead>\n<tr style=\"background-color: #87ceeb;\">\n<th style=\"padding: 12px;\">Tema<\/th>\n<th style=\"padding: 12px;\">Detalles clave<\/th>\n<\/tr>\n<\/thead>\n<tbody>\n<tr>\n<td style=\"padding: 12px; vertical-align: top;\">Causas del autismo<\/td>\n<td style=\"padding: 12px; vertical-align: top;\">M\u00faltiples factores: gen\u00e9tica, edad de los padres, exposici\u00f3n a toxinas, salud prenatal, medicamentos<\/td>\n<\/tr>\n<tr>\n<td style=\"padding: 12px; vertical-align: top;\">Papel del hipocampo<\/td>\n<td style=\"padding: 12px; vertical-align: top;\">Formaci\u00f3n de la memoria, almacenamiento, procesamiento de la memoria espacial y verbal<\/td>\n<\/tr>\n<tr>\n<td style=\"padding: 12px; vertical-align: top;\">Cambios en la estructura cerebral<\/td>\n<td style=\"padding: 12px; vertical-align: top;\">Hipocampo m\u00e1s grande y am\u00edgdala m\u00e1s peque\u00f1a en individuos con TEA<\/td>\n<\/tr>\n<tr>\n<td style=\"padding: 12px; vertical-align: top;\">Efectos sobre la memoria en el autismo<\/td>\n<td style=\"padding: 12px; vertical-align: top;\">Dificultades con la memoria a corto plazo, potencial para una excelente memoria selectiva a largo plazo.<\/td>\n<\/tr>\n<tr>\n<td style=\"padding: 12px; vertical-align: top;\">Enfoque del tratamiento<\/td>\n<td style=\"padding: 12px; vertical-align: top;\">Terapia ABA para mejorar la memoria, la comunicaci\u00f3n y las habilidades sociales y de la vida diaria.<\/td>\n<\/tr>\n<\/tbody>\n<\/table>\n<\/div>\n<h2 style=\"text-align: left;\"><strong>\u00bfC\u00f3mo afecta el autismo a la memoria?<\/strong><\/h2>\n<p>De hecho, el autismo tiene un efecto interesante en la memoria de una persona, y existen conexiones con el hipocampo y su funcionamiento.<\/p>\n<p>Muchas personas de la <span style=\"text-decoration: underline;\"><a href=\"https:\/\/bluegemsaba.com\/es\/autism-spectrum-disorder-asd\/\">espectro autista<\/a><\/span> tienen problemas de memoria a corto plazo. Es posible que no sean capaces de recordar detalles de acontecimientos cotidianos t\u00edpicos como consecuencia de ello.<a href=\"#reference8\"><sup><u>8<\/u><\/sup><\/a>.<\/p>\n<p><img decoding=\"async\" class=\"aligncenter size-full wp-image-7134\" src=\"https:\/\/bluegemsaba.com\/wp-content\/uploads\/2025\/04\/The-Hippocampus-and-Autism-Quote-Image.png\" alt=\"\" width=\"600\" height=\"375\" srcset=\"https:\/\/bluegemsaba.com\/wp-content\/uploads\/2025\/04\/The-Hippocampus-and-Autism-Quote-Image.png 600w, https:\/\/bluegemsaba.com\/wp-content\/uploads\/2025\/04\/The-Hippocampus-and-Autism-Quote-Image-300x188.png 300w, https:\/\/bluegemsaba.com\/wp-content\/uploads\/2025\/04\/The-Hippocampus-and-Autism-Quote-Image-18x12.png 18w\" sizes=\"(max-width: 600px) 100vw, 600px\" \/><\/p>\n<p>Al mismo tiempo, algunos individuos con TEA tambi\u00e9n tienen una excelente memoria a largo plazo en lo que se refiere a ciertas cosas. Por ejemplo, pueden tener una capacidad asombrosa para recordar detalles intrincados y hechos sobre cosas que les interesan mucho.<\/p>\n<p>Las \u00faltimas investigaciones muestran que esto podr\u00eda deberse a una alteraci\u00f3n del volumen del hipocampo. Esta podr\u00eda ser la raz\u00f3n por la que las personas con autismo tienen dificultades para tomar decisiones actuales que requieren recordar y utilizar la informaci\u00f3n que obtuvieron durante experiencias pasadas.<\/p>\n<h2 style=\"text-align: left;\"><strong>\u00bfSe puede mejorar la memoria?<\/strong><\/h2>\n<p>Incluso con un hipocampo anormal, los ni\u00f1os con <span style=\"text-decoration: underline;\"><a href=\"https:\/\/bluegemsaba.com\/es\/autism-memory\/\">el autismo puede mejorar su memoria<\/a><\/span>. Hay muchas formas de hacerlo, y muchas estrategias de este tipo que se integran en los planes de tratamiento del an\u00e1lisis conductual aplicado.<\/p>\n<p>Tambi\u00e9n conocido como <u><a href=\"https:\/\/bluegemsaba.com\/es\/what-is-aba-therapy\/\">Terapia ABA<\/a><\/u>es un enfoque cient\u00edfico del aprendizaje y el comportamiento que ayuda a las personas con autismo a adquirir las habilidades sociales, comunicativas y de la vida diaria con las que suelen tener dificultades, al tiempo que modifica determinados comportamientos negativos o perjudiciales.<\/p>\n<p>Utilizando diversas t\u00e9cnicas, estrategias y herramientas, los terapeutas pueden ayudar a sus pacientes a desarrollar estas habilidades a lo largo del tiempo. Gran parte del tratamiento se lleva a cabo utilizando entornos basados en el juego, y puede abordar deficiencias de la memoria que podr\u00edan estar relacionadas con el hipocampo.<\/p>\n<h2 style=\"text-align: left;\"><strong>Blue Gems ABA administra planes de tratamiento personalizados para ni\u00f1os con TEA<\/strong><\/h2>\n<p>Investigaciones recientes sugieren que las anomal\u00edas con el hipocampo en el <span style=\"text-decoration: underline;\"><a href=\"https:\/\/bluegemsaba.com\/es\/autistic-brain\/\">cerebro autista<\/a><\/span> podr\u00eda ser la causa de algunos de los problemas de procesamiento relacionados con la memoria que presentan las personas con espectro autista.<\/p>\n<p>Esta informaci\u00f3n podr\u00eda utilizarse no s\u00f3lo para comprender mejor el autismo, sino tambi\u00e9n para apoyar mejor a las personas que lo padecen.<\/p>\n<p>En <u><a href=\"https:\/\/bluegemsaba.com\/es\/\">Blue Gems ABA<\/a><\/u>trabajamos cada d\u00eda con ni\u00f1os autistas para ayudarles a adquirir las habilidades que necesitan para llevar una vida feliz, sana, satisfactoria, productiva e independiente.<\/p>\n<p>Para ello, administramos la terapia ABA de forma individualizada, creando planes de tratamiento personalizados que se adaptan espec\u00edficamente a los puntos fuertes y los retos de cada paciente.<\/p>\n<p>Para m\u00e1s informaci\u00f3n <u><a href=\"https:\/\/bluegemsaba.com\/es\/contact\/\">Contacto<\/a><\/u> hoy.<\/p>","protected":false},"excerpt":{"rendered":"<p>Cient\u00edficos e investigadores llevan a\u00f1os estudiando el trastorno del espectro autista (TEA), en busca de un mayor conocimiento de sus causas y de algunos de sus factores de riesgo, entre otros temas. En los \u00faltimos a\u00f1os se ha avanzado mucho en estas \u00e1reas de estudio, aunque todav\u00eda se desconoce mucho. En este [...]<\/p>","protected":false},"author":2,"featured_media":7136,"comment_status":"closed","ping_status":"open","sticky":false,"template":"","format":"standard","meta":{"_acf_changed":false,"footnotes":""},"categories":[36,2],"tags":[],"class_list":["post-7132","post","type-post","status-publish","format-standard","has-post-thumbnail","hentry","category-autism","category-blog"],"acf":[],"yoast_head":"<!-- This site is optimized with the Yoast SEO plugin v25.9 - https:\/\/yoast.com\/wordpress\/plugins\/seo\/ -->\n<title>The Hippocampus and Autism<\/title>\n<meta name=\"description\" content=\"Some studies have suggested that disruptions to the brain\u2019s hippocampus could be the result. We\u2019ll discuss that possibility, and the relationship between the hippocampus and autism, below.\" \/>\n<meta name=\"robots\" content=\"index, follow, max-snippet:-1, max-image-preview:large, max-video-preview:-1\" \/>\n<link rel=\"canonical\" href=\"https:\/\/bluegemsaba.com\/es\/the-hippocampus-and-autism\/\" \/>\n<meta property=\"og:locale\" content=\"es_MX\" \/>\n<meta property=\"og:type\" content=\"article\" \/>\n<meta property=\"og:title\" content=\"The Hippocampus and Autism\" \/>\n<meta property=\"og:description\" content=\"Some studies have suggested that disruptions to the brain\u2019s hippocampus could be the result. We\u2019ll discuss that possibility, and the relationship between the hippocampus and autism, below.\" \/>\n<meta property=\"og:url\" content=\"https:\/\/bluegemsaba.com\/es\/the-hippocampus-and-autism\/\" \/>\n<meta property=\"og:site_name\" content=\"BlueGems\" \/>\n<meta property=\"article:publisher\" content=\"https:\/\/www.facebook.com\/BlueGemsABA\/\" \/>\n<meta property=\"article:published_time\" content=\"2025-04-08T06:00:50+00:00\" \/>\n<meta property=\"article:modified_time\" content=\"2026-04-10T15:54:16+00:00\" \/>\n<meta property=\"og:image\" content=\"https:\/\/bluegemsaba.com\/wp-content\/uploads\/2025\/04\/The-Hippocampus-and-Autism.png\" \/>\n\t<meta property=\"og:image:width\" content=\"736\" \/>\n\t<meta property=\"og:image:height\" content=\"595\" \/>\n\t<meta property=\"og:image:type\" content=\"image\/png\" \/>\n<meta name=\"author\" content=\"nate\" \/>\n<meta name=\"twitter:card\" content=\"summary_large_image\" \/>\n<meta name=\"twitter:label1\" content=\"Escrito por\" \/>\n\t<meta name=\"twitter:data1\" content=\"nate\" \/>\n\t<meta name=\"twitter:label2\" content=\"Tiempo de lectura\" \/>\n\t<meta name=\"twitter:data2\" content=\"5 minutos\" \/>\n<script type=\"application\/ld+json\" class=\"yoast-schema-graph\">{\"@context\":\"https:\/\/schema.org\",\"@graph\":[{\"@type\":\"Article\",\"@id\":\"https:\/\/bluegemsaba.com\/the-hippocampus-and-autism\/#article\",\"isPartOf\":{\"@id\":\"https:\/\/bluegemsaba.com\/the-hippocampus-and-autism\/\"},\"author\":{\"name\":\"nate\",\"@id\":\"https:\/\/bluegemsaba.com\/#\/schema\/person\/2cacf88e935f06a0c6392945f36cd30b\"},\"headline\":\"The Hippocampus and Autism\",\"datePublished\":\"2025-04-08T06:00:50+00:00\",\"dateModified\":\"2026-04-10T15:54:16+00:00\",\"mainEntityOfPage\":{\"@id\":\"https:\/\/bluegemsaba.com\/the-hippocampus-and-autism\/\"},\"wordCount\":1074,\"publisher\":{\"@id\":\"https:\/\/bluegemsaba.com\/#organization\"},\"image\":{\"@id\":\"https:\/\/bluegemsaba.com\/the-hippocampus-and-autism\/#primaryimage\"},\"thumbnailUrl\":\"https:\/\/bluegemsaba.com\/wp-content\/uploads\/2025\/04\/The-Hippocampus-and-Autism.png\",\"articleSection\":[\"Autism\",\"Blog\"],\"inLanguage\":\"es\"},{\"@type\":\"WebPage\",\"@id\":\"https:\/\/bluegemsaba.com\/the-hippocampus-and-autism\/\",\"url\":\"https:\/\/bluegemsaba.com\/the-hippocampus-and-autism\/\",\"name\":\"The Hippocampus and Autism\",\"isPartOf\":{\"@id\":\"https:\/\/bluegemsaba.com\/#website\"},\"primaryImageOfPage\":{\"@id\":\"https:\/\/bluegemsaba.com\/the-hippocampus-and-autism\/#primaryimage\"},\"image\":{\"@id\":\"https:\/\/bluegemsaba.com\/the-hippocampus-and-autism\/#primaryimage\"},\"thumbnailUrl\":\"https:\/\/bluegemsaba.com\/wp-content\/uploads\/2025\/04\/The-Hippocampus-and-Autism.png\",\"datePublished\":\"2025-04-08T06:00:50+00:00\",\"dateModified\":\"2026-04-10T15:54:16+00:00\",\"description\":\"Some studies have suggested that disruptions to the brain\u2019s hippocampus could be the result. We\u2019ll discuss that possibility, and the relationship between the hippocampus and autism, below.\",\"breadcrumb\":{\"@id\":\"https:\/\/bluegemsaba.com\/the-hippocampus-and-autism\/#breadcrumb\"},\"inLanguage\":\"es\",\"potentialAction\":[{\"@type\":\"ReadAction\",\"target\":[\"https:\/\/bluegemsaba.com\/the-hippocampus-and-autism\/\"]}]},{\"@type\":\"ImageObject\",\"inLanguage\":\"es\",\"@id\":\"https:\/\/bluegemsaba.com\/the-hippocampus-and-autism\/#primaryimage\",\"url\":\"https:\/\/bluegemsaba.com\/wp-content\/uploads\/2025\/04\/The-Hippocampus-and-Autism.png\",\"contentUrl\":\"https:\/\/bluegemsaba.com\/wp-content\/uploads\/2025\/04\/The-Hippocampus-and-Autism.png\",\"width\":736,\"height\":595},{\"@type\":\"BreadcrumbList\",\"@id\":\"https:\/\/bluegemsaba.com\/the-hippocampus-and-autism\/#breadcrumb\",\"itemListElement\":[{\"@type\":\"ListItem\",\"position\":1,\"name\":\"Home\",\"item\":\"https:\/\/bluegemsaba.com\/\"},{\"@type\":\"ListItem\",\"position\":2,\"name\":\"The Hippocampus and Autism\"}]},{\"@type\":\"WebSite\",\"@id\":\"https:\/\/bluegemsaba.com\/#website\",\"url\":\"https:\/\/bluegemsaba.com\/\",\"name\":\"BlueGems ABA\",\"description\":\"Where every Child is a Diamond\",\"publisher\":{\"@id\":\"https:\/\/bluegemsaba.com\/#organization\"},\"potentialAction\":[{\"@type\":\"SearchAction\",\"target\":{\"@type\":\"EntryPoint\",\"urlTemplate\":\"https:\/\/bluegemsaba.com\/?s={search_term_string}\"},\"query-input\":{\"@type\":\"PropertyValueSpecification\",\"valueRequired\":true,\"valueName\":\"search_term_string\"}}],\"inLanguage\":\"es\"},{\"@type\":\"Organization\",\"@id\":\"https:\/\/bluegemsaba.com\/#organization\",\"name\":\"Blue Gems ABA\",\"url\":\"https:\/\/bluegemsaba.com\/\",\"logo\":{\"@type\":\"ImageObject\",\"inLanguage\":\"es\",\"@id\":\"https:\/\/bluegemsaba.com\/#\/schema\/logo\/image\/\",\"url\":\"https:\/\/bluegemsaba.com\/wp-content\/uploads\/2020\/11\/Blue-Gems-Logo-revised-01.png\",\"contentUrl\":\"https:\/\/bluegemsaba.com\/wp-content\/uploads\/2020\/11\/Blue-Gems-Logo-revised-01.png\",\"width\":1952,\"height\":449,\"caption\":\"Blue Gems ABA\"},\"image\":{\"@id\":\"https:\/\/bluegemsaba.com\/#\/schema\/logo\/image\/\"},\"sameAs\":[\"https:\/\/www.facebook.com\/BlueGemsABA\/\"]},{\"@type\":\"Person\",\"@id\":\"https:\/\/bluegemsaba.com\/#\/schema\/person\/2cacf88e935f06a0c6392945f36cd30b\",\"name\":\"nate\"}]}<\/script>\n<!-- \/ Yoast SEO plugin. -->","yoast_head_json":{"title":"El hipocampo y el autismo","description":"Algunos estudios han sugerido que las alteraciones del hipocampo del cerebro podr\u00edan ser el resultado. M\u00e1s adelante hablaremos de esta posibilidad y de la relaci\u00f3n entre el hipocampo y el autismo.","robots":{"index":"index","follow":"follow","max-snippet":"max-snippet:-1","max-image-preview":"max-image-preview:large","max-video-preview":"max-video-preview:-1"},"canonical":"https:\/\/bluegemsaba.com\/es\/the-hippocampus-and-autism\/","og_locale":"es_MX","og_type":"article","og_title":"The Hippocampus and Autism","og_description":"Some studies have suggested that disruptions to the brain\u2019s hippocampus could be the result. We\u2019ll discuss that possibility, and the relationship between the hippocampus and autism, below.","og_url":"https:\/\/bluegemsaba.com\/es\/the-hippocampus-and-autism\/","og_site_name":"BlueGems","article_publisher":"https:\/\/www.facebook.com\/BlueGemsABA\/","article_published_time":"2025-04-08T06:00:50+00:00","article_modified_time":"2026-04-10T15:54:16+00:00","og_image":[{"width":736,"height":595,"url":"https:\/\/bluegemsaba.com\/wp-content\/uploads\/2025\/04\/The-Hippocampus-and-Autism.png","type":"image\/png"}],"author":"nate","twitter_card":"summary_large_image","twitter_misc":{"Escrito por":"nate","Tiempo de lectura":"5 minutos"},"schema":{"@context":"https:\/\/schema.org","@graph":[{"@type":"Article","@id":"https:\/\/bluegemsaba.com\/the-hippocampus-and-autism\/#article","isPartOf":{"@id":"https:\/\/bluegemsaba.com\/the-hippocampus-and-autism\/"},"author":{"name":"nate","@id":"https:\/\/bluegemsaba.com\/#\/schema\/person\/2cacf88e935f06a0c6392945f36cd30b"},"headline":"The Hippocampus and Autism","datePublished":"2025-04-08T06:00:50+00:00","dateModified":"2026-04-10T15:54:16+00:00","mainEntityOfPage":{"@id":"https:\/\/bluegemsaba.com\/the-hippocampus-and-autism\/"},"wordCount":1074,"publisher":{"@id":"https:\/\/bluegemsaba.com\/#organization"},"image":{"@id":"https:\/\/bluegemsaba.com\/the-hippocampus-and-autism\/#primaryimage"},"thumbnailUrl":"https:\/\/bluegemsaba.com\/wp-content\/uploads\/2025\/04\/The-Hippocampus-and-Autism.png","articleSection":["Autism","Blog"],"inLanguage":"es"},{"@type":"WebPage","@id":"https:\/\/bluegemsaba.com\/the-hippocampus-and-autism\/","url":"https:\/\/bluegemsaba.com\/the-hippocampus-and-autism\/","name":"El hipocampo y el autismo","isPartOf":{"@id":"https:\/\/bluegemsaba.com\/#website"},"primaryImageOfPage":{"@id":"https:\/\/bluegemsaba.com\/the-hippocampus-and-autism\/#primaryimage"},"image":{"@id":"https:\/\/bluegemsaba.com\/the-hippocampus-and-autism\/#primaryimage"},"thumbnailUrl":"https:\/\/bluegemsaba.com\/wp-content\/uploads\/2025\/04\/The-Hippocampus-and-Autism.png","datePublished":"2025-04-08T06:00:50+00:00","dateModified":"2026-04-10T15:54:16+00:00","description":"Algunos estudios han sugerido que las alteraciones del hipocampo del cerebro podr\u00edan ser el resultado. M\u00e1s adelante hablaremos de esta posibilidad y de la relaci\u00f3n entre el hipocampo y el autismo.","breadcrumb":{"@id":"https:\/\/bluegemsaba.com\/the-hippocampus-and-autism\/#breadcrumb"},"inLanguage":"es","potentialAction":[{"@type":"ReadAction","target":["https:\/\/bluegemsaba.com\/the-hippocampus-and-autism\/"]}]},{"@type":"ImageObject","inLanguage":"es","@id":"https:\/\/bluegemsaba.com\/the-hippocampus-and-autism\/#primaryimage","url":"https:\/\/bluegemsaba.com\/wp-content\/uploads\/2025\/04\/The-Hippocampus-and-Autism.png","contentUrl":"https:\/\/bluegemsaba.com\/wp-content\/uploads\/2025\/04\/The-Hippocampus-and-Autism.png","width":736,"height":595},{"@type":"BreadcrumbList","@id":"https:\/\/bluegemsaba.com\/the-hippocampus-and-autism\/#breadcrumb","itemListElement":[{"@type":"ListItem","position":1,"name":"Home","item":"https:\/\/bluegemsaba.com\/"},{"@type":"ListItem","position":2,"name":"The Hippocampus and Autism"}]},{"@type":"WebSite","@id":"https:\/\/bluegemsaba.com\/#website","url":"https:\/\/bluegemsaba.com\/","name":"BlueGems ABA","description":"Donde cada ni\u00f1o es un diamante","publisher":{"@id":"https:\/\/bluegemsaba.com\/#organization"},"potentialAction":[{"@type":"SearchAction","target":{"@type":"EntryPoint","urlTemplate":"https:\/\/bluegemsaba.com\/?s={search_term_string}"},"query-input":{"@type":"PropertyValueSpecification","valueRequired":true,"valueName":"search_term_string"}}],"inLanguage":"es"},{"@type":"Organization","@id":"https:\/\/bluegemsaba.com\/#organization","name":"Blue Gems ABA","url":"https:\/\/bluegemsaba.com\/","logo":{"@type":"ImageObject","inLanguage":"es","@id":"https:\/\/bluegemsaba.com\/#\/schema\/logo\/image\/","url":"https:\/\/bluegemsaba.com\/wp-content\/uploads\/2020\/11\/Blue-Gems-Logo-revised-01.png","contentUrl":"https:\/\/bluegemsaba.com\/wp-content\/uploads\/2020\/11\/Blue-Gems-Logo-revised-01.png","width":1952,"height":449,"caption":"Blue Gems ABA"},"image":{"@id":"https:\/\/bluegemsaba.com\/#\/schema\/logo\/image\/"},"sameAs":["https:\/\/www.facebook.com\/BlueGemsABA\/"]},{"@type":"Person","@id":"https:\/\/bluegemsaba.com\/#\/schema\/person\/2cacf88e935f06a0c6392945f36cd30b","name":"nate"}]}},"_links":{"self":[{"href":"https:\/\/bluegemsaba.com\/es\/wp-json\/wp\/v2\/posts\/7132","targetHints":{"allow":["GET"]}}],"collection":[{"href":"https:\/\/bluegemsaba.com\/es\/wp-json\/wp\/v2\/posts"}],"about":[{"href":"https:\/\/bluegemsaba.com\/es\/wp-json\/wp\/v2\/types\/post"}],"author":[{"embeddable":true,"href":"https:\/\/bluegemsaba.com\/es\/wp-json\/wp\/v2\/users\/2"}],"replies":[{"embeddable":true,"href":"https:\/\/bluegemsaba.com\/es\/wp-json\/wp\/v2\/comments?post=7132"}],"version-history":[{"count":1,"href":"https:\/\/bluegemsaba.com\/es\/wp-json\/wp\/v2\/posts\/7132\/revisions"}],"predecessor-version":[{"id":22242,"href":"https:\/\/bluegemsaba.com\/es\/wp-json\/wp\/v2\/posts\/7132\/revisions\/22242"}],"wp:featuredmedia":[{"embeddable":true,"href":"https:\/\/bluegemsaba.com\/es\/wp-json\/wp\/v2\/media\/7136"}],"wp:attachment":[{"href":"https:\/\/bluegemsaba.com\/es\/wp-json\/wp\/v2\/media?parent=7132"}],"wp:term":[{"taxonomy":"category","embeddable":true,"href":"https:\/\/bluegemsaba.com\/es\/wp-json\/wp\/v2\/categories?post=7132"},{"taxonomy":"post_tag","embeddable":true,"href":"https:\/\/bluegemsaba.com\/es\/wp-json\/wp\/v2\/tags?post=7132"}],"curies":[{"name":"wp","href":"https:\/\/api.w.org\/{rel}","templated":true}]}}