{"id":46428,"date":"2026-09-04T06:00:00","date_gmt":"2026-09-04T06:00:00","guid":{"rendered":"https:\/\/bluegemsaba.com\/?p=46428"},"modified":"2026-09-02T14:50:36","modified_gmt":"2026-09-02T14:50:36","slug":"selective-mutism-and-autism","status":"publish","type":"post","link":"https:\/\/bluegemsaba.com\/es\/selective-mutism-and-autism\/","title":{"rendered":"Mutismo selectivo y autismo"},"content":{"rendered":"<p class=\"wp-block-paragraph\">El mutismo selectivo (MS) y el trastorno del espectro autista (TEA) son dos afecciones distintas que pueden influir significativamente en la capacidad de un ni\u00f1o para comunicarse e interactuar con el entorno que lo rodea. Si bien comparten caracter\u00edsticas comunes, como dificultades sociales y desaf\u00edos de comunicaci\u00f3n, se originan en diferentes causas subyacentes y requieren estrategias de apoyo especializadas.<\/p>\n\n\n\n<p class=\"wp-block-paragraph\">Para los padres, educadores y proveedores de cuidado, comprender la relaci\u00f3n entre el mutismo selectivo y el autismo es fundamental para proporcionar el entorno adecuado en el que un ni\u00f1o pueda prosperar. Cuando estas dos afecciones coocurren, el apoyo conductual personalizado, como la terapia de An\u00e1lisis Aplicado de la Conducta (terapia ABA), puede desempe\u00f1ar un papel fundamental para ayudar a los ni\u00f1os a desarrollar confianza y <span style=\"text-decoration: underline;\"><a href=\"https:\/\/bluegemsaba.com\/es\/learning-communication-skills-with-aba-therapy\/\">habilidades de comunicaci\u00f3n funcional<\/a><\/span>.<\/p>\n\n\n\n<p class=\"wp-block-paragraph\">En este art\u00edculo, analizaremos c\u00f3mo el mutismo selectivo interact\u00faa con el autismo y c\u00f3mo la terapia ABA se adapta para apoyar a los ni\u00f1os que transitan por ambos diagn\u00f3sticos.<\/p>\n\n\n\n<!-- Key Takeaways -->\n<div style=\"max-width: 100%; margin: 28px 0; padding: 22px 24px; background-color: #f6f9fc; border: 1px solid #d8e1ec; border-left: 5px solid #0f2c5a; border-radius: 12px; font-family: Arial, sans-serif; color: #263648; text-align: left; word-wrap: break-word; white-space: normal;\">\n  <h2 style=\"margin: 0 0 16px 0; color: #0f2c5a; font-size: 24px; line-height: 1.3; text-align: left;\">Principales conclusiones<\/h2>\n\n  <ul style=\"margin: 0; padding-left: 22px; line-height: 1.65;\">\n    <li style=\"margin-bottom: 10px;\"><strong style=\"color: #0f2c5a;\">El mutismo selectivo y el autismo son afecciones distintas:<\/strong> El mutismo selectivo se asocia con una ansiedad severa en torno al habla en situaciones particulares, mientras que el autismo es una afecci\u00f3n del neurodesarrollo que afecta \u00e1reas como la comunicaci\u00f3n social y la flexibilidad conductual.<\/li>\n\n    <li style=\"margin-bottom: 10px;\"><strong style=\"color: #0f2c5a;\">Las dos afecciones pueden coexistir:<\/strong> La ansiedad social, la sobrecarga sensorial y el estr\u00e9s en el funcionamiento ejecutivo pueden hacer que las dificultades de comunicaci\u00f3n dependientes del contexto sean m\u00e1s pronunciadas en un ni\u00f1o autista con mutismo selectivo.<\/li>\n\n    <li style=\"margin-bottom: 10px;\"><strong style=\"color: #0f2c5a;\">La presi\u00f3n por hablar puede ser contraproducente:<\/strong> El apoyo debe priorizar la seguridad psicol\u00f3gica y ampliar gradualmente la comunicaci\u00f3n en lugar de exigir respuestas verbales de inmediato.<\/li>\n\n    <li style=\"margin-bottom: 0;\"><strong style=\"color: #0f2c5a;\">El progreso en la comunicaci\u00f3n puede comenzar sin el uso del habla:<\/strong> Los gestos, el se\u00f1alamiento, la comunicaci\u00f3n por im\u00e1genes y el texto pueden proporcionar a los ni\u00f1os formas funcionales de comunicarse mientras se desarrollan la confianza y la preparaci\u00f3n para el habla.<\/li>\n  <\/ul>\n<\/div>\n\n\n\n<h2 id=\"h-what-is-selective-mutism-and-how-does-it-intersect-with-autism\" class=\"wp-block-heading\"><a><\/a>\u00bfQu\u00e9 es el mutismo selectivo y c\u00f3mo se cruza con el autismo?<\/h2>\n\n\n\n<p class=\"wp-block-paragraph\">El mutismo selectivo es un trastorno de ansiedad complejo que se caracteriza por la incapacidad de un ni\u00f1o para hablar en determinados entornos sociales, a pesar de poder hacerlo con total soltura en entornos familiares, como en el hogar.<a href=\"#reference1\"><sup><u>1<\/u><\/sup><\/a>. Es una respuesta de congelamiento severa desencadenada por una intensa ansiedad social.<\/p>\n\n\n<div class=\"wp-block-image\">\n<figure class=\"aligncenter size-full\"><img fetchpriority=\"high\" decoding=\"async\" width=\"600\" height=\"375\" src=\"https:\/\/bluegemsaba.com\/wp-content\/uploads\/2026\/09\/Selective-Mutism-and-Autism-Quote-Image.png\" alt=\"Child making a quiet gesture beside text explaining selective mutism as an anxiety disorder that can prevent speaking in certain social settings.\" class=\"wp-image-46429\" srcset=\"https:\/\/bluegemsaba.com\/wp-content\/uploads\/2026\/09\/Selective-Mutism-and-Autism-Quote-Image.png 600w, https:\/\/bluegemsaba.com\/wp-content\/uploads\/2026\/09\/Selective-Mutism-and-Autism-Quote-Image-300x188.png 300w, https:\/\/bluegemsaba.com\/wp-content\/uploads\/2026\/09\/Selective-Mutism-and-Autism-Quote-Image-18x11.png 18w\" sizes=\"(max-width: 600px) 100vw, 600px\" \/><\/figure>\n<\/div>\n\n\n<p class=\"wp-block-paragraph\">Por su parte, el autismo es una afecci\u00f3n del neurodesarrollo que afecta la comunicaci\u00f3n social, el procesamiento emocional y la flexibilidad conductual en todos los entornos<a href=\"#reference2\"><sup><u>2<\/u><\/sup><\/a>.<\/p>\n\n\n\n<p class=\"wp-block-paragraph\">Si bien el mutismo selectivo fue visto hist\u00f3ricamente como distinto del autismo, la investigaci\u00f3n y la observaci\u00f3n cl\u00ednica reconocen ahora que ambas afecciones pueden coexistir<a href=\"#reference3\"><sup><u>3<\/u><\/sup><\/a>. Un ni\u00f1o con autismo puede experimentar altos niveles de ansiedad social, <span style=\"text-decoration: underline;\"><a href=\"https:\/\/bluegemsaba.com\/es\/identifying-sensory-preferences-using-aba\/\">sobrecarga sensorial<\/a><\/span> o estr\u00e9s en el funcionamiento ejecutivo, lo que puede desencadenar mutismo selectivo en entornos desconocidos o de alta presi\u00f3n<a href=\"#reference4\"><sup><u>4<\/u><\/sup><\/a>.<\/p>\n\n\n\n<p class=\"wp-block-paragraph\">Cuando un ni\u00f1o tiene tanto TEA como mutismo selectivo, sus dificultades de comunicaci\u00f3n pueden verse magnificadas.<a href=\"#reference7\"><sup><u>7<\/u><\/sup><\/a>.<\/p>\n\n\n\n<ul class=\"wp-block-list\">\n<li><strong>Comunicaci\u00f3n dependiente del contexto<\/strong> Un ni\u00f1o puede conversar con sus padres en una habitaci\u00f3n silenciosa, pero volverse completamente silencioso en la escuela o durante la terapia.<\/li>\n\n\n\n<li><strong>Ansiedad social elevada:<\/strong> Las diferencias sociales inherentes al autismo pueden hacer <span style=\"text-decoration: underline;\"><a href=\"https:\/\/bluegemsaba.com\/es\/social-skills-groups\/\">interacciones sociales<\/a><\/span> se sienten impredecibles, lo que aumenta la ansiedad severa.<\/li>\n\n\n\n<li><strong>Sobrecarga sensorial:<\/strong> Los salones de clases ruidosos o los entornos sociales bulliciosos pueden abrumar a un ni\u00f1o autista, lo que dificulta la emisi\u00f3n del habla verbal.<\/li>\n\n\n\n<li><strong>Presentaci\u00f3n superpuesta<\/strong> Caracter\u00edsticas como la reducci\u00f3n del contacto visual, un tono de voz plano o el aislamiento social pueden estar presentes tanto en el TEA como en el mutismo selectivo.<\/li>\n<\/ul>\n\n\n\n<!-- Selective Mutism vs. Autism Comparison Table -->\n<div style=\"overflow-x: auto; display: block; max-width: 100%; margin: 24px 0; border-radius: 12px;\">\n  <table style=\"width: 100%; max-width: 100%; border-collapse: separate; border-spacing: 0; border: 1px solid #d8e1ec; border-radius: 12px; overflow: hidden; font-family: Arial, sans-serif; color: #263648; text-align: left; word-wrap: break-word; white-space: normal;\">\n    <thead>\n      <tr style=\"background-color: #0f2c5a; color: #ffffff;\">\n        <th style=\"padding: 15px 16px; text-align: left; vertical-align: top; font-size: 16px; line-height: 1.4; width: 22%;\">Caracter\u00edstica<\/th>\n        <th style=\"padding: 15px 16px; text-align: left; vertical-align: top; font-size: 16px; line-height: 1.4; width: 39%;\">Mutismo selectivo<\/th>\n        <th style=\"padding: 15px 16px; text-align: left; vertical-align: top; font-size: 16px; line-height: 1.4; width: 39%;\">Trastorno del espectro autista<\/th>\n      <\/tr>\n    <\/thead>\n    <tbody>\n      <tr style=\"background-color: #ffffff;\">\n        <td style=\"padding: 14px 16px; border-bottom: 1px solid #e2e8f0; vertical-align: top; font-weight: bold; line-height: 1.55;\">Tipo de condici\u00f3n<\/td>\n        <td style=\"padding: 14px 16px; border-bottom: 1px solid #e2e8f0; vertical-align: top; line-height: 1.55;\">Un trastorno de ansiedad en el cual un ni\u00f1o es incapaz de hablar en determinadas situaciones sociales a pesar de hablar con comodidad en otras.<\/td>\n        <td style=\"padding: 14px 16px; border-bottom: 1px solid #e2e8f0; vertical-align: top; line-height: 1.55;\">Una afecci\u00f3n del neurodesarrollo que puede afectar la comunicaci\u00f3n social, el procesamiento emocional y la flexibilidad conductual.<\/td>\n      <\/tr>\n\n      <tr style=\"background-color: #f6f9fc;\">\n        <td style=\"padding: 14px 16px; border-bottom: 1px solid #e2e8f0; vertical-align: top; font-weight: bold; line-height: 1.55;\">Patr\u00f3n de comunicaci\u00f3n<\/td>\n        <td style=\"padding: 14px 16px; border-bottom: 1px solid #e2e8f0; vertical-align: top; line-height: 1.55;\">El habla suele depender del contexto. Un ni\u00f1o puede hablar libremente en casa, pero dejar de hablar en la escuela, en terapia o en otras situaciones de alta presi\u00f3n.<\/td>\n        <td style=\"padding: 14px 16px; border-bottom: 1px solid #e2e8f0; vertical-align: top; line-height: 1.55;\">Las diferencias en la comunicaci\u00f3n social pueden manifestarse en m\u00faltiples entornos, aunque su presentaci\u00f3n puede variar seg\u00fan el contexto y el individuo.<\/td>\n      <\/tr>\n\n      <tr style=\"background-color: #ffffff;\">\n        <td style=\"padding: 14px 16px; border-bottom: 1px solid #e2e8f0; vertical-align: top; font-weight: bold; line-height: 1.55;\">El papel de la ansiedad<\/td>\n        <td style=\"padding: 14px 16px; border-bottom: 1px solid #e2e8f0; vertical-align: top; line-height: 1.55;\">La ansiedad social intensa puede desencadenar una fuerte respuesta de congelamiento que hace que hablar parezca imposible.<\/td>\n        <td style=\"padding: 14px 16px; border-bottom: 1px solid #e2e8f0; vertical-align: top; line-height: 1.55;\">Un ni\u00f1o autista tambi\u00e9n puede experimentar ansiedad social, particularmente cuando las interacciones se sienten desconocidas, impredecibles o abrumadoras.<\/td>\n      <\/tr>\n\n      <tr style=\"background-color: #f6f9fc;\">\n        <td style=\"padding: 14px 16px; border-bottom: 1px solid #e2e8f0; vertical-align: top; font-weight: bold; line-height: 1.55;\">Factores sensoriales<\/td>\n        <td style=\"padding: 14px 16px; border-bottom: 1px solid #e2e8f0; vertical-align: top; line-height: 1.55;\">Los entornos estresantes o exigentes pueden aumentar la ansiedad y dificultar la comunicaci\u00f3n verbal.<\/td>\n        <td style=\"padding: 14px 16px; border-bottom: 1px solid #e2e8f0; vertical-align: top; line-height: 1.55;\">La saturaci\u00f3n sensorial provocada por entornos ruidosos, concurridos o altamente estimulantes puede contribuir a la dificultad de comunicaci\u00f3n y al estr\u00e9s emocional.<\/td>\n      <\/tr>\n\n      <tr style=\"background-color: #ffffff;\">\n        <td style=\"padding: 14px 16px; border-bottom: 1px solid #e2e8f0; vertical-align: top; font-weight: bold; line-height: 1.55;\">Presentaci\u00f3n social<\/td>\n        <td style=\"padding: 14px 16px; border-bottom: 1px solid #e2e8f0; vertical-align: top; line-height: 1.55;\">Cuando la ansiedad es alta, un ni\u00f1o puede parecer retra\u00eddo, evitar el contacto visual o permanecer en silencio.<\/td>\n        <td style=\"padding: 14px 16px; border-bottom: 1px solid #e2e8f0; vertical-align: top; line-height: 1.55;\">Las diferencias pueden incluir un contacto visual reducido, diferencias en el tono de voz, aislamiento social o dificultad para desenvolverse en las interacciones sociales.<\/td>\n      <\/tr>\n\n      <tr style=\"background-color: #f6f9fc;\">\n        <td style=\"padding: 14px 16px; vertical-align: top; font-weight: bold; line-height: 1.55;\">Enfoque de soporte<\/td>\n        <td style=\"padding: 14px 16px; vertical-align: top; line-height: 1.55;\">El apoyo enfatiza la reducci\u00f3n de la presi\u00f3n comunicativa, el aumento del bienestar y el desarrollo gradual de la confianza mediante la comunicaci\u00f3n verbal y no verbal.<\/td>\n        <td style=\"padding: 14px 16px; vertical-align: top; line-height: 1.55;\">El apoyo se personaliza en funci\u00f3n de las necesidades comunicativas, conductuales, emocionales, sensoriales y de desarrollo del ni\u00f1o.<\/td>\n      <\/tr>\n    <\/tbody>\n  <\/table>\n<\/div>\n\n\n\n<h2 id=\"h-how-does-aba-adapt-for-children-with-selective-mutism-and-autism\" class=\"wp-block-heading\"><a><\/a>\u00bfC\u00f3mo se adapta la terapia ABA para ni\u00f1os con mutismo selectivo y autismo?<\/h2>\n\n\n\n<p class=\"wp-block-paragraph\">La terapia ABA se basa en el principio de la individualizaci\u00f3n. Dado que no hay dos ni\u00f1os autistas iguales \u2014y debido a que el mutismo selectivo a\u00f1ade una capa \u00fanica de ansiedad\u2014, un protocolo de comunicaci\u00f3n est\u00e1ndar y de alta exigencia suele ser contraproducente.<a href=\"#reference5\"><sup><u>5<\/u><\/sup><\/a>.<\/p>\n\n\n\n<p class=\"wp-block-paragraph\">Presionar a un ni\u00f1o con mutismo selectivo para que hable puede aumentar la ansiedad y reforzar el silencio.<\/p>\n\n\n\n<p class=\"wp-block-paragraph\">Por el contrario, la terapia ABA se adapta al desplazar el foco hacia la reducci\u00f3n de la ansiedad, el fomento del bienestar y la ampliaci\u00f3n gradual de los canales de comunicaci\u00f3n al propio ritmo del ni\u00f1o.<\/p>\n\n\n\n<p class=\"wp-block-paragraph\">Antes de que comience la intervenci\u00f3n, un <span style=\"text-decoration: underline;\"><a href=\"https:\/\/bluegemsaba.com\/es\/what-is-a-bcba\/\">Analista del comportamiento certificado por la Junta (BCBA)<\/a><\/span> realiza una evaluaci\u00f3n integral para comprender el perfil de comunicaci\u00f3n del ni\u00f1o en diferentes entornos. La aportaci\u00f3n de los padres es fundamental, ya que los cuidadores pueden compartir c\u00f3mo es el habla del ni\u00f1o cuando se siente seguro y relajado.<\/p>\n\n\n\n<p class=\"wp-block-paragraph\">Mediante la evaluaci\u00f3n de los desencadenantes ambientales espec\u00edficos que conducen a respuestas silentes, el equipo terap\u00e9utico crea un plan de tratamiento flexible que prioriza la seguridad psicol\u00f3gica mientras fomenta sistem\u00e1ticamente la disposici\u00f3n para el habla.<\/p>\n\n\n\n<h2 id=\"h-what-strategies-are-used-to-support-speech-and-confidence\" class=\"wp-block-heading\"><a><\/a>\u00bfQu\u00e9 estrategias se utilizan para apoyar la expresi\u00f3n oral y la confianza?<\/h2>\n\n\n\n<p class=\"wp-block-paragraph\">Al trabajar con ni\u00f1os que presentan tanto autismo como mutismo selectivo, los terapeutas de an\u00e1lisis aplicado de la conducta (ABA) emplean intervenciones conductuales suaves y basadas en la evidencia, dise\u00f1adas para aliviar la ansiedad y promover la comunicaci\u00f3n espont\u00e1nea.<\/p>\n\n\n\n<h3 id=\"h-systematic-desensitization-and-stimulus-fading\" class=\"wp-block-heading\"><a><\/a>Desensibilizaci\u00f3n sistem\u00e1tica y desvanecimiento de est\u00edmulos<\/h3>\n\n\n\n<p class=\"wp-block-paragraph\">Los terapeutas introducen nuevas personas, exigencias o entornos en pasos peque\u00f1os y manejables.<a href=\"#reference6\"><sup><u>6<\/u><\/sup><\/a>. Por ejemplo, un ni\u00f1o podr\u00eda comunicarse primero con uno de los padres mientras el terapeuta se encuentra fuera de la habitaci\u00f3n, luego con el terapeuta visible a la distancia y, gradualmente, con el terapeuta m\u00e1s cerca a medida que aumenta su comodidad.<\/p>\n\n\n\n<h3 id=\"h-shaping-and-reinforcing-non-verbal-communication\" class=\"wp-block-heading\"><a><\/a>Modelaci\u00f3n y reforzamiento de la comunicaci\u00f3n no verbal<\/h3>\n\n\n\n<p class=\"wp-block-paragraph\">Para aliviar la presi\u00f3n inmediata sobre el habla, los terapeutas fomentan <span style=\"text-decoration: underline;\"><a href=\"https:\/\/bluegemsaba.com\/es\/non-verbal-communication-and-autism\/\">formas alternativas de comunicaci\u00f3n<\/a><\/span>, tales como <span style=\"text-decoration: underline;\"><a href=\"https:\/\/bluegemsaba.com\/es\/using-aba-to-teach-children-how-to-ask-for-help\/\">se\u00f1alamiento, gestos<\/a><\/span>, tarjetas de comunicaci\u00f3n visual o texto. A medida que aumenta la comodidad, los terapeutas moldean estas respuestas en sonidos vocales, palabras susurradas y, finalmente, respuestas habladas completas.<\/p>\n\n\n\n<h3 id=\"h-positive-reinforcement-without-pressure\" class=\"wp-block-heading\"><a><\/a>Refuerzo positivo sin presi\u00f3n<\/h3>\n\n\n\n<p class=\"wp-block-paragraph\">El refuerzo se utiliza intensamente, pero nunca de una manera que parezca una exigencia de hablar. Los terapeutas elogian el esfuerzo, la participaci\u00f3n y la interacci\u00f3n no verbal, recompensando los peque\u00f1os pasos hacia adelante para fomentar la autoeficacia.<\/p>\n\n\n\n<h3 id=\"h-emotional-regulation-and-coping-tools\" class=\"wp-block-heading\"><a><\/a>Regulaci\u00f3n emocional y herramientas de afrontamiento<\/h3>\n\n\n\n<p class=\"wp-block-paragraph\">A los ni\u00f1os se les ense\u00f1an herramientas para <span style=\"text-decoration: underline;\"><a href=\"https:\/\/bluegemsaba.com\/es\/how-aba-teaches-how-to-express-feelings-appropriately\/\">reconocer y gestionar los sentimientos<\/a><\/span> de ansiedad o sobrecarga sensorial. Desarrollar mecanismos de afrontamiento ayuda a reducir la presi\u00f3n interna que desencadena la respuesta de congelamiento.<\/p>\n\n\n\n<h3 id=\"h-caregiver-and-educator-collaboration\" class=\"wp-block-heading\"><a><\/a>Colaboraci\u00f3n entre cuidadores y educadores<\/h3>\n\n\n\n<p class=\"wp-block-paragraph\">La transferencia constante de habilidades entre los entornos del hogar, la escuela y la comunidad es fundamental. Los equipos de ABA <span style=\"text-decoration: underline;\"><a href=\"https:\/\/bluegemsaba.com\/es\/implementing-parent-training-in-aba-therapy\/\">capacitar a padres y profesores<\/a><\/span> sobre c\u00f3mo evitar las exigencias directas y, en su lugar, emplear estrategias abiertas y de baja presi\u00f3n.<\/p>\n\n\n\n<h2 id=\"h-blue-gems-aba-supports-children-with-asd-and-selective-mutism\" class=\"wp-block-heading\">Blue Gems ABA apoya a ni\u00f1os con TEA y mutismo selectivo<\/h2>\n\n\n\n<p class=\"wp-block-paragraph\">Abordar tanto el autismo como el mutismo selectivo requiere paciencia, experiencia y un plan de atenci\u00f3n profundamente compasivo. Exigir el habla con demasiada rapidez puede provocar retrocesos, pero con el apoyo estructurado adecuado, los ni\u00f1os pueden adquirir la confianza que necesitan para encontrar su voz.<\/p>\n\n\n\n<p class=\"wp-block-paragraph\">En <a href=\"https:\/\/bluegemsaba.com\/es\/\">Blue Gems ABA<\/a>, Nuestro experimentado equipo de directores cl\u00ednicos y analistas de conducta certificados (BCBA) dise\u00f1a programas de ABA personalizados que se adaptan a las necesidades emocionales y de desarrollo de su hijo. Colaboramos estrechamente con las familias para garantizar que los planes de tratamiento evolucionen junto con el progreso del ni\u00f1o, fomentando habilidades significativas en un entorno seguro y propicio.<\/p>\n\n\n\n<p class=\"wp-block-paragraph\">Para obtener m\u00e1s informaci\u00f3n sobre c\u00f3mo nuestros programas individualizados de terapia ABA pueden apoyar a su hijo, por favor <a href=\"https:\/\/bluegemsaba.com\/es\/contact\/\">Cont\u00e1ctenos<\/a> Hoy.<\/p>\n\n\n\n<!-- FAQ Section -->\n<div style=\"max-width: 100%; margin: 28px 0; padding: 22px 24px; background-color: #ffffff; border: 1px solid #d8e1ec; border-radius: 12px; font-family: Arial, sans-serif; color: #263648; text-align: left; word-wrap: break-word; white-space: normal;\">\n  <h2 style=\"margin: 0 0 20px 0; padding: 14px 16px; background-color: #0f2c5a; color: #ffffff; border-radius: 9px; font-size: 24px; line-height: 1.3; text-align: left;\">Preguntas frecuentes<\/h2>\n\n  <div style=\"padding: 0 4px 16px 4px; margin-bottom: 16px; border-bottom: 1px solid #e2e8f0;\">\n    <h3 style=\"margin: 0 0 8px 0; color: #0f2c5a; font-size: 18px; line-height: 1.4;\">\u00bfPuede un ni\u00f1o tener tanto autismo como mutismo selectivo?<\/h3>\n    <p style=\"margin: 0; line-height: 1.6;\">S\u00ed. El mutismo selectivo y el autismo son afecciones distintas, pero pueden coexistir y generar desaf\u00edos de comunicaci\u00f3n adicionales en determinados entornos.<\/p>\n  <\/div>\n\n  <div style=\"padding: 0 4px 16px 4px; margin-bottom: 16px; border-bottom: 1px solid #e2e8f0;\">\n    <h3 style=\"margin: 0 0 8px 0; color: #0f2c5a; font-size: 18px; line-height: 1.4;\">\u00bfPor qu\u00e9 mi hijo habla en casa pero no en la escuela?<\/h3>\n    <p style=\"margin: 0; line-height: 1.6;\">Con el mutismo selectivo, la capacidad de hablar puede depender en gran medida del entorno y del nivel de ansiedad del ni\u00f1o. Un ni\u00f1o puede sentirse c\u00f3modo hablando en casa mientras experimenta una respuesta de congelamiento en un entorno escolar estresante.<\/p>\n  <\/div>\n\n  <div style=\"padding: 0 4px 16px 4px; margin-bottom: 16px; border-bottom: 1px solid #e2e8f0;\">\n    <h3 style=\"margin: 0 0 8px 0; color: #0f2c5a; font-size: 18px; line-height: 1.4;\">\u00bfDeben los adultos alentar a un ni\u00f1o con mutismo selectivo a hablar?<\/h3>\n    <p style=\"margin: 0; line-height: 1.6;\">El apoyo y el est\u00edmulo pueden ser \u00fatiles, pero la presi\u00f3n directa o las demandas repetidas de hablar pueden aumentar la ansiedad. Un enfoque de menor presi\u00f3n puede centrarse primero en la comodidad, la confianza y la comunicaci\u00f3n exitosa en cualquier forma que el ni\u00f1o pueda manejar.<\/p>\n  <\/div>\n\n  <div style=\"padding: 0 4px 16px 4px; margin-bottom: 16px; border-bottom: 1px solid #e2e8f0;\">\n    <h3 style=\"margin: 0 0 8px 0; color: #0f2c5a; font-size: 18px; line-height: 1.4;\">\u00bfPuede la comunicaci\u00f3n no verbal ayudar a un ni\u00f1o con mutismo selectivo?<\/h3>\n    <p style=\"margin: 0; line-height: 1.6;\">S\u00ed. Los gestos, se\u00f1alar, las im\u00e1genes, la escritura o el texto pueden reducir la presi\u00f3n inmediata para hablar al tiempo que permiten que el ni\u00f1o se comunique con \u00e9xito.<\/p>\n  <\/div>\n\n  <div style=\"padding: 0 4px;\">\n    <h3 style=\"margin: 0 0 8px 0; color: #0f2c5a; font-size: 18px; line-height: 1.4;\">\u00bfC\u00f3mo puede apoyar la terapia ABA a un ni\u00f1o con autismo y mutismo selectivo?<\/h3>\n    <p style=\"margin: 0; line-height: 1.6;\">Tal como se describe en el art\u00edculo, la terapia ABA individualizada puede emplear la exposici\u00f3n gradual, el desvanecimiento de est\u00edmulos, la moldeaci\u00f3n, el refuerzo positivo, herramientas de afrontamiento y la colaboraci\u00f3n de los cuidadores. El enfoque debe reducir la presi\u00f3n y desarrollar la comunicaci\u00f3n de manera progresiva, de acuerdo con la comodidad y las necesidades del ni\u00f1o.<\/p>\n  <\/div>\n<\/div>\n\n\n\n<p class=\"wp-block-paragraph\"><\/p>\n\n\n\n<h2>Referencias<\/h2>\n\n<ol>\n<li id=\"reference1\">\n<a href=\"https:\/\/www.asha.org\/practice-portal\/clinical-topics\/selective-mutism\/\" target=\"_blank\" rel=\"noopener noreferrer\">\nMutismo selectivo \u2013 Asociaci\u00f3n Americana de Habla, Lenguaje y Audici\u00f3n\n<\/a>\n<\/li>\n\n<li id=\"reference2\">\n<a href=\"https:\/\/www.cdc.gov\/autism\/hcp\/diagnosis\/index.html\" target=\"_blank\" rel=\"noopener noreferrer\">\nPruebas cl\u00ednicas y diagn\u00f3stico del trastorno del espectro autista \u2013 CDC\n<\/a>\n<\/li>\n\n<li id=\"reference3\">\n<a href=\"https:\/\/pubmed.ncbi.nlm.nih.gov\/41511714\/\" target=\"_blank\" rel=\"noopener noreferrer\">\nRuptura con los criterios: el mutismo selectivo y su conexi\u00f3n prohibida con el autismo\n<\/a>\n<\/li>\n\n<li id=\"reference4\">\n<a href=\"https:\/\/link.springer.com\/article\/10.1007\/s10567-020-00342-0\" target=\"_blank\" rel=\"noopener noreferrer\">\nMutismo selectivo y sus relaciones con el trastorno de ansiedad social y el trastorno del espectro autista\n<\/a>\n<\/li>\n\n<li id=\"reference5\">\n<a href=\"https:\/\/www.aap.org\/en\/patient-care\/autism\/considerations-for-prescribing-recommending-common-supports-and-services-for-children-on-the-autism-spectrum\/\" target=\"_blank\" rel=\"noopener noreferrer\">\nConsideraciones para la prescripci\u00f3n o recomendaci\u00f3n de apoyos y servicios comunes para ni\u00f1os dentro del espectro autista: Academia Estadounidense de Pediatr\u00eda\n<\/a>\n<\/li>\n\n<li id=\"reference6\">\n<a href=\"https:\/\/www.sciencedirect.com\/science\/article\/pii\/S0005796713001204\" target=\"_blank\" rel=\"noopener noreferrer\">\nTerapia conductual integrada para el mutismo selectivo: un estudio piloto controlado y aleatorizado\n<\/a>\n<\/li>\n\n<li id=\"reference7\">\n<a href=\"https:\/\/my.clevelandclinic.org\/health\/diseases\/selective-mutism\" target=\"_blank\" rel=\"noopener noreferrer\">\nMutismo selectivo: S\u00edntomas y tratamiento \u2013 Cleveland Clinic\n<\/a>\n<\/li>\n<\/ol>","protected":false},"excerpt":{"rendered":"<p>Selective mutism (SM) and autism spectrum disorder (ASD) are two distinct conditions that can significantly impact a child&#8217;s ability to communicate and interact with the world around them. While they share overlapping features such as social difficulties and communication challenges, they stem from different underlying causes and require specialized support strategies. For parents, educators and [&hellip;]<\/p>\n","protected":false},"author":10,"featured_media":46430,"comment_status":"closed","ping_status":"closed","sticky":false,"template":"template-single-blog.php","format":"standard","meta":{"footnotes":""},"categories":[42],"tags":[],"class_list":["post-46428","post","type-post","status-publish","format-standard","has-post-thumbnail","hentry","category-autism"],"yoast_head":"<!-- This site is optimized with the Yoast SEO Premium plugin v28.3 (Yoast SEO v28.3) - https:\/\/yoast.com\/product\/yoast-seo-premium-wordpress\/ -->\n<title>Selective Mutism and Autism - Blue Gems ABA Therapy<\/title>\n<meta name=\"description\" content=\"In this article, we\u2019ll discuss how selective mutism interacts with autism and how ABA therapy adapts to support children navigating both diagnoses.\" \/>\n<meta name=\"robots\" content=\"index, follow, max-snippet:-1, max-image-preview:large, max-video-preview:-1\" \/>\n<link rel=\"canonical\" href=\"https:\/\/bluegemsaba.com\/es\/selective-mutism-and-autism\/\" \/>\n<meta property=\"og:locale\" content=\"es_MX\" \/>\n<meta property=\"og:type\" content=\"article\" \/>\n<meta property=\"og:title\" content=\"Selective Mutism and Autism\" \/>\n<meta property=\"og:description\" content=\"In this article, we\u2019ll discuss how selective mutism interacts with autism and how ABA therapy adapts to support children navigating both diagnoses.\" \/>\n<meta property=\"og:url\" content=\"https:\/\/bluegemsaba.com\/es\/selective-mutism-and-autism\/\" \/>\n<meta property=\"og:site_name\" content=\"Blue Gems ABA Therapy\" \/>\n<meta property=\"article:publisher\" content=\"https:\/\/www.facebook.com\/BlueGemsABA\/\" \/>\n<meta property=\"article:published_time\" content=\"2026-09-04T06:00:00+00:00\" \/>\n<meta property=\"og:image\" content=\"https:\/\/bluegemsaba.com\/wp-content\/uploads\/2026\/09\/Selective-Mutism-and-Autism.png\" \/>\n\t<meta property=\"og:image:width\" content=\"1000\" \/>\n\t<meta property=\"og:image:height\" content=\"417\" \/>\n\t<meta property=\"og:image:type\" content=\"image\/png\" \/>\n<meta name=\"author\" content=\"nate\" \/>\n<meta name=\"twitter:card\" content=\"summary_large_image\" \/>\n<meta name=\"twitter:label1\" content=\"Written by\" \/>\n\t<meta name=\"twitter:data1\" content=\"nate\" \/>\n\t<meta name=\"twitter:label2\" content=\"Est. reading time\" \/>\n\t<meta name=\"twitter:data2\" content=\"7 minutes\" \/>\n<script type=\"application\/ld+json\" class=\"yoast-schema-graph\">{\"@context\":\"https:\\\/\\\/schema.org\",\"@graph\":[{\"@type\":\"Article\",\"@id\":\"https:\\\/\\\/bluegemsaba.com\\\/selective-mutism-and-autism\\\/#article\",\"isPartOf\":{\"@id\":\"https:\\\/\\\/bluegemsaba.com\\\/selective-mutism-and-autism\\\/\"},\"author\":{\"name\":\"nate\",\"@id\":\"https:\\\/\\\/bluegemsaba.com\\\/#\\\/schema\\\/person\\\/ca97099e62db0cef70f4aafd63c6a0cc\"},\"headline\":\"Selective Mutism and Autism\",\"datePublished\":\"2026-09-04T06:00:00+00:00\",\"mainEntityOfPage\":{\"@id\":\"https:\\\/\\\/bluegemsaba.com\\\/selective-mutism-and-autism\\\/\"},\"wordCount\":1458,\"publisher\":{\"@id\":\"https:\\\/\\\/bluegemsaba.com\\\/#organization\"},\"image\":{\"@id\":\"https:\\\/\\\/bluegemsaba.com\\\/selective-mutism-and-autism\\\/#primaryimage\"},\"thumbnailUrl\":\"https:\\\/\\\/bluegemsaba.com\\\/wp-content\\\/uploads\\\/2026\\\/09\\\/Selective-Mutism-and-Autism.png\",\"articleSection\":[\"Autism\"],\"inLanguage\":\"es-MX\"},{\"@type\":\"WebPage\",\"@id\":\"https:\\\/\\\/bluegemsaba.com\\\/selective-mutism-and-autism\\\/\",\"url\":\"https:\\\/\\\/bluegemsaba.com\\\/selective-mutism-and-autism\\\/\",\"name\":\"Selective Mutism and Autism - Blue Gems ABA Therapy\",\"isPartOf\":{\"@id\":\"https:\\\/\\\/bluegemsaba.com\\\/#website\"},\"primaryImageOfPage\":{\"@id\":\"https:\\\/\\\/bluegemsaba.com\\\/selective-mutism-and-autism\\\/#primaryimage\"},\"image\":{\"@id\":\"https:\\\/\\\/bluegemsaba.com\\\/selective-mutism-and-autism\\\/#primaryimage\"},\"thumbnailUrl\":\"https:\\\/\\\/bluegemsaba.com\\\/wp-content\\\/uploads\\\/2026\\\/09\\\/Selective-Mutism-and-Autism.png\",\"datePublished\":\"2026-09-04T06:00:00+00:00\",\"description\":\"In this article, we\u2019ll discuss how selective mutism interacts with autism and how ABA therapy adapts to support children navigating both diagnoses.\",\"breadcrumb\":{\"@id\":\"https:\\\/\\\/bluegemsaba.com\\\/selective-mutism-and-autism\\\/#breadcrumb\"},\"inLanguage\":\"es-MX\",\"potentialAction\":[{\"@type\":\"ReadAction\",\"target\":[\"https:\\\/\\\/bluegemsaba.com\\\/selective-mutism-and-autism\\\/\"]}]},{\"@type\":\"ImageObject\",\"inLanguage\":\"es-MX\",\"@id\":\"https:\\\/\\\/bluegemsaba.com\\\/selective-mutism-and-autism\\\/#primaryimage\",\"url\":\"https:\\\/\\\/bluegemsaba.com\\\/wp-content\\\/uploads\\\/2026\\\/09\\\/Selective-Mutism-and-Autism.png\",\"contentUrl\":\"https:\\\/\\\/bluegemsaba.com\\\/wp-content\\\/uploads\\\/2026\\\/09\\\/Selective-Mutism-and-Autism.png\",\"width\":1000,\"height\":417,\"caption\":\"Selective Mutism and Autism graphic featuring a child making a quiet gesture with the Blue Gems ABA logo.\"},{\"@type\":\"BreadcrumbList\",\"@id\":\"https:\\\/\\\/bluegemsaba.com\\\/selective-mutism-and-autism\\\/#breadcrumb\",\"itemListElement\":[{\"@type\":\"ListItem\",\"position\":1,\"name\":\"Home\",\"item\":\"https:\\\/\\\/bluegemsaba.com\\\/\"},{\"@type\":\"ListItem\",\"position\":2,\"name\":\"Selective Mutism and Autism\"}]},{\"@type\":\"WebSite\",\"@id\":\"https:\\\/\\\/bluegemsaba.com\\\/#website\",\"url\":\"https:\\\/\\\/bluegemsaba.com\\\/\",\"name\":\"Blue Gems ABA\",\"description\":\"ABA Therapy\",\"publisher\":{\"@id\":\"https:\\\/\\\/bluegemsaba.com\\\/#organization\"},\"potentialAction\":[{\"@type\":\"SearchAction\",\"target\":{\"@type\":\"EntryPoint\",\"urlTemplate\":\"https:\\\/\\\/bluegemsaba.com\\\/?s={search_term_string}\"},\"query-input\":{\"@type\":\"PropertyValueSpecification\",\"valueRequired\":true,\"valueName\":\"search_term_string\"}}],\"inLanguage\":\"es-MX\"},{\"@type\":[\"Organization\",\"Place\"],\"@id\":\"https:\\\/\\\/bluegemsaba.com\\\/#organization\",\"name\":\"Blue Gems ABA\",\"url\":\"https:\\\/\\\/bluegemsaba.com\\\/\",\"logo\":{\"@id\":\"https:\\\/\\\/bluegemsaba.com\\\/selective-mutism-and-autism\\\/#local-main-organization-logo\"},\"image\":{\"@id\":\"https:\\\/\\\/bluegemsaba.com\\\/selective-mutism-and-autism\\\/#local-main-organization-logo\"},\"sameAs\":[\"https:\\\/\\\/www.facebook.com\\\/BlueGemsABA\\\/\"],\"telephone\":[],\"openingHoursSpecification\":[{\"@type\":\"OpeningHoursSpecification\",\"dayOfWeek\":[\"Monday\",\"Tuesday\",\"Wednesday\",\"Thursday\",\"Friday\",\"Saturday\",\"Sunday\"],\"opens\":\"09:00\",\"closes\":\"17:00\"}]},{\"@type\":\"Person\",\"@id\":\"https:\\\/\\\/bluegemsaba.com\\\/#\\\/schema\\\/person\\\/ca97099e62db0cef70f4aafd63c6a0cc\",\"name\":\"nate\",\"image\":{\"@type\":\"ImageObject\",\"inLanguage\":\"es-MX\",\"@id\":\"https:\\\/\\\/secure.gravatar.com\\\/avatar\\\/0fa5b3e57a7542eb186b84b012fcc47b8a25cb0be551d4110899d50eac9e84ec?s=96&d=mm&r=g\",\"url\":\"https:\\\/\\\/secure.gravatar.com\\\/avatar\\\/0fa5b3e57a7542eb186b84b012fcc47b8a25cb0be551d4110899d50eac9e84ec?s=96&d=mm&r=g\",\"contentUrl\":\"https:\\\/\\\/secure.gravatar.com\\\/avatar\\\/0fa5b3e57a7542eb186b84b012fcc47b8a25cb0be551d4110899d50eac9e84ec?s=96&d=mm&r=g\",\"caption\":\"nate\"},\"url\":\"https:\\\/\\\/bluegemsaba.com\\\/es\\\/author\\\/nate\\\/\"},{\"@type\":\"ImageObject\",\"inLanguage\":\"es-MX\",\"@id\":\"https:\\\/\\\/bluegemsaba.com\\\/selective-mutism-and-autism\\\/#local-main-organization-logo\",\"url\":\"https:\\\/\\\/bluegemsaba.com\\\/wp-content\\\/uploads\\\/2026\\\/03\\\/blue-gems-aba-logo-1-v2.svg\",\"contentUrl\":\"https:\\\/\\\/bluegemsaba.com\\\/wp-content\\\/uploads\\\/2026\\\/03\\\/blue-gems-aba-logo-1-v2.svg\",\"width\":405,\"height\":79,\"caption\":\"Blue Gems ABA\"}]}<\/script>\n<!-- \/ Yoast SEO Premium plugin. -->","yoast_head_json":{"title":"Mutismo selectivo y autismo - Blue Gems ABA Therapy","description":"En este art\u00edculo, analizaremos c\u00f3mo el mutismo selectivo interact\u00faa con el autismo y c\u00f3mo la terapia ABA se adapta para apoyar a los ni\u00f1os que transitan por ambos diagn\u00f3sticos.","robots":{"index":"index","follow":"follow","max-snippet":"max-snippet:-1","max-image-preview":"max-image-preview:large","max-video-preview":"max-video-preview:-1"},"canonical":"https:\/\/bluegemsaba.com\/es\/selective-mutism-and-autism\/","og_locale":"es_MX","og_type":"article","og_title":"Selective Mutism and Autism","og_description":"In this article, we\u2019ll discuss how selective mutism interacts with autism and how ABA therapy adapts to support children navigating both diagnoses.","og_url":"https:\/\/bluegemsaba.com\/es\/selective-mutism-and-autism\/","og_site_name":"Blue Gems ABA Therapy","article_publisher":"https:\/\/www.facebook.com\/BlueGemsABA\/","article_published_time":"2026-09-04T06:00:00+00:00","og_image":[{"width":1000,"height":417,"url":"https:\/\/bluegemsaba.com\/wp-content\/uploads\/2026\/09\/Selective-Mutism-and-Autism.png","type":"image\/png"}],"author":"nate","twitter_card":"summary_large_image","twitter_misc":{"Written by":"nate","Est. reading time":"7 minutes"},"schema":{"@context":"https:\/\/schema.org","@graph":[{"@type":"Article","@id":"https:\/\/bluegemsaba.com\/selective-mutism-and-autism\/#article","isPartOf":{"@id":"https:\/\/bluegemsaba.com\/selective-mutism-and-autism\/"},"author":{"name":"nate","@id":"https:\/\/bluegemsaba.com\/#\/schema\/person\/ca97099e62db0cef70f4aafd63c6a0cc"},"headline":"Selective Mutism and Autism","datePublished":"2026-09-04T06:00:00+00:00","mainEntityOfPage":{"@id":"https:\/\/bluegemsaba.com\/selective-mutism-and-autism\/"},"wordCount":1458,"publisher":{"@id":"https:\/\/bluegemsaba.com\/#organization"},"image":{"@id":"https:\/\/bluegemsaba.com\/selective-mutism-and-autism\/#primaryimage"},"thumbnailUrl":"https:\/\/bluegemsaba.com\/wp-content\/uploads\/2026\/09\/Selective-Mutism-and-Autism.png","articleSection":["Autism"],"inLanguage":"es-MX"},{"@type":"WebPage","@id":"https:\/\/bluegemsaba.com\/selective-mutism-and-autism\/","url":"https:\/\/bluegemsaba.com\/selective-mutism-and-autism\/","name":"Mutismo selectivo y autismo - Blue Gems ABA Therapy","isPartOf":{"@id":"https:\/\/bluegemsaba.com\/#website"},"primaryImageOfPage":{"@id":"https:\/\/bluegemsaba.com\/selective-mutism-and-autism\/#primaryimage"},"image":{"@id":"https:\/\/bluegemsaba.com\/selective-mutism-and-autism\/#primaryimage"},"thumbnailUrl":"https:\/\/bluegemsaba.com\/wp-content\/uploads\/2026\/09\/Selective-Mutism-and-Autism.png","datePublished":"2026-09-04T06:00:00+00:00","description":"En este art\u00edculo, analizaremos c\u00f3mo el mutismo selectivo interact\u00faa con el autismo y c\u00f3mo la terapia ABA se adapta para apoyar a los ni\u00f1os que transitan por ambos diagn\u00f3sticos.","breadcrumb":{"@id":"https:\/\/bluegemsaba.com\/selective-mutism-and-autism\/#breadcrumb"},"inLanguage":"es-MX","potentialAction":[{"@type":"ReadAction","target":["https:\/\/bluegemsaba.com\/selective-mutism-and-autism\/"]}]},{"@type":"ImageObject","inLanguage":"es-MX","@id":"https:\/\/bluegemsaba.com\/selective-mutism-and-autism\/#primaryimage","url":"https:\/\/bluegemsaba.com\/wp-content\/uploads\/2026\/09\/Selective-Mutism-and-Autism.png","contentUrl":"https:\/\/bluegemsaba.com\/wp-content\/uploads\/2026\/09\/Selective-Mutism-and-Autism.png","width":1000,"height":417,"caption":"Selective Mutism and Autism graphic featuring a child making a quiet gesture with the Blue Gems ABA logo."},{"@type":"BreadcrumbList","@id":"https:\/\/bluegemsaba.com\/selective-mutism-and-autism\/#breadcrumb","itemListElement":[{"@type":"ListItem","position":1,"name":"Home","item":"https:\/\/bluegemsaba.com\/"},{"@type":"ListItem","position":2,"name":"Selective Mutism and Autism"}]},{"@type":"WebSite","@id":"https:\/\/bluegemsaba.com\/#website","url":"https:\/\/bluegemsaba.com\/","name":"Blue Gems ABA","description":"Terapia ABA","publisher":{"@id":"https:\/\/bluegemsaba.com\/#organization"},"potentialAction":[{"@type":"SearchAction","target":{"@type":"EntryPoint","urlTemplate":"https:\/\/bluegemsaba.com\/?s={search_term_string}"},"query-input":{"@type":"PropertyValueSpecification","valueRequired":true,"valueName":"search_term_string"}}],"inLanguage":"es-MX"},{"@type":["Organization","Place"],"@id":"https:\/\/bluegemsaba.com\/#organization","name":"Blue Gems ABA","url":"https:\/\/bluegemsaba.com\/","logo":{"@id":"https:\/\/bluegemsaba.com\/selective-mutism-and-autism\/#local-main-organization-logo"},"image":{"@id":"https:\/\/bluegemsaba.com\/selective-mutism-and-autism\/#local-main-organization-logo"},"sameAs":["https:\/\/www.facebook.com\/BlueGemsABA\/"],"telephone":[],"openingHoursSpecification":[{"@type":"OpeningHoursSpecification","dayOfWeek":["Monday","Tuesday","Wednesday","Thursday","Friday","Saturday","Sunday"],"opens":"09:00","closes":"17:00"}]},{"@type":"Person","@id":"https:\/\/bluegemsaba.com\/#\/schema\/person\/ca97099e62db0cef70f4aafd63c6a0cc","name":"nate","image":{"@type":"ImageObject","inLanguage":"es-MX","@id":"https:\/\/secure.gravatar.com\/avatar\/0fa5b3e57a7542eb186b84b012fcc47b8a25cb0be551d4110899d50eac9e84ec?s=96&d=mm&r=g","url":"https:\/\/secure.gravatar.com\/avatar\/0fa5b3e57a7542eb186b84b012fcc47b8a25cb0be551d4110899d50eac9e84ec?s=96&d=mm&r=g","contentUrl":"https:\/\/secure.gravatar.com\/avatar\/0fa5b3e57a7542eb186b84b012fcc47b8a25cb0be551d4110899d50eac9e84ec?s=96&d=mm&r=g","caption":"nate"},"url":"https:\/\/bluegemsaba.com\/es\/author\/nate\/"},{"@type":"ImageObject","inLanguage":"es-MX","@id":"https:\/\/bluegemsaba.com\/selective-mutism-and-autism\/#local-main-organization-logo","url":"https:\/\/bluegemsaba.com\/wp-content\/uploads\/2026\/03\/blue-gems-aba-logo-1-v2.svg","contentUrl":"https:\/\/bluegemsaba.com\/wp-content\/uploads\/2026\/03\/blue-gems-aba-logo-1-v2.svg","width":405,"height":79,"caption":"Blue Gems ABA"}]}},"_links":{"self":[{"href":"https:\/\/bluegemsaba.com\/es\/wp-json\/wp\/v2\/posts\/46428","targetHints":{"allow":["GET"]}}],"collection":[{"href":"https:\/\/bluegemsaba.com\/es\/wp-json\/wp\/v2\/posts"}],"about":[{"href":"https:\/\/bluegemsaba.com\/es\/wp-json\/wp\/v2\/types\/post"}],"author":[{"embeddable":true,"href":"https:\/\/bluegemsaba.com\/es\/wp-json\/wp\/v2\/users\/10"}],"replies":[{"embeddable":true,"href":"https:\/\/bluegemsaba.com\/es\/wp-json\/wp\/v2\/comments?post=46428"}],"version-history":[{"count":1,"href":"https:\/\/bluegemsaba.com\/es\/wp-json\/wp\/v2\/posts\/46428\/revisions"}],"predecessor-version":[{"id":46431,"href":"https:\/\/bluegemsaba.com\/es\/wp-json\/wp\/v2\/posts\/46428\/revisions\/46431"}],"wp:featuredmedia":[{"embeddable":true,"href":"https:\/\/bluegemsaba.com\/es\/wp-json\/wp\/v2\/media\/46430"}],"wp:attachment":[{"href":"https:\/\/bluegemsaba.com\/es\/wp-json\/wp\/v2\/media?parent=46428"}],"wp:term":[{"taxonomy":"category","embeddable":true,"href":"https:\/\/bluegemsaba.com\/es\/wp-json\/wp\/v2\/categories?post=46428"},{"taxonomy":"post_tag","embeddable":true,"href":"https:\/\/bluegemsaba.com\/es\/wp-json\/wp\/v2\/tags?post=46428"}],"curies":[{"name":"wp","href":"https:\/\/api.w.org\/{rel}","templated":true}]}}