{"id":42435,"date":"2024-12-24T06:00:02","date_gmt":"2024-12-24T06:00:02","guid":{"rendered":"https:\/\/bluegemsaba.com\/10-famous-people-with-autism\/"},"modified":"2026-08-28T14:03:21","modified_gmt":"2026-08-28T14:03:21","slug":"10-famous-people-with-autism","status":"publish","type":"post","link":"https:\/\/bluegemsaba.com\/es\/10-famous-people-with-autism\/","title":{"rendered":"Diez famosos con autismo"},"content":{"rendered":"<section class=\"wp-block-group\"><div class=\"wp-block-group__inner-container is-layout-constrained wp-block-group-is-layout-constrained\">\n<p class=\"wp-block-paragraph\"><em><span style=\"text-decoration: underline;\">Actualizado en agosto de 2026<\/span><\/em><\/p>\n\n\n\n<p class=\"wp-block-paragraph\">Las personas que padecen un trastorno del espectro autista (TEA) se enfrentan a muchos retos en la vida. Tal y como sugiere el nombre de este trastorno del neurodesarrollo, los signos y s\u00edntomas, as\u00ed como su gravedad, abarcan un amplio espectro que afecta a las personas de formas muy diferentes.<\/p>\n\n\n\n<p class=\"wp-block-paragraph\">Algunos de los retos m\u00e1s comunes a los que se enfrentan las personas con espectro autista son la comunicaci\u00f3n y las interacciones sociales, as\u00ed como los intereses restringidos y los comportamientos repetitivos.<\/p>\n\n\n\n<p class=\"wp-block-paragraph\">A pesar de estos retos, hay muchas personas con autismo que han conseguido cosas asombrosas. De hecho, las personas con autismo suelen tener muchos puntos fuertes que les ayudan a destacar sobre los dem\u00e1s.<\/p>\n\n\n<div class=\"wp-block-image\">\n<figure class=\"aligncenter size-full\"><img fetchpriority=\"high\" decoding=\"async\" width=\"600\" height=\"375\" src=\"https:\/\/bluegemsaba.com\/wp-content\/uploads\/2024\/12\/Ten-Famous-People-with-Autism-Quote-Image.png\" alt=\"\" class=\"wp-image-46337\" srcset=\"https:\/\/bluegemsaba.com\/wp-content\/uploads\/2024\/12\/Ten-Famous-People-with-Autism-Quote-Image.png 600w, https:\/\/bluegemsaba.com\/wp-content\/uploads\/2024\/12\/Ten-Famous-People-with-Autism-Quote-Image-18x11.png 18w, https:\/\/bluegemsaba.com\/wp-content\/uploads\/2024\/12\/Ten-Famous-People-with-Autism-Quote-Image-300x188.png 300w\" sizes=\"(max-width: 600px) 100vw, 600px\" \/><\/figure>\n<\/div>\n\n\n<p class=\"wp-block-paragraph\">A continuaci\u00f3n, destacamos a 10 personajes famosos con autismo para poner de relieve lo mucho que pueden llegar a conseguir las personas con TEA.<\/p>\n\n\n\n<div style=\"max-width: 100%; margin: 28px 0; border: 1px solid #d9e2ef; border-radius: 12px; overflow: hidden; font-family: Arial, sans-serif; color: #222222; background-color: #ffffff; word-wrap: break-word; white-space: normal;\">\n  <div style=\"background-color: #0f2c5a; color: #ffffff; padding: 14px 18px;\">\n    <h3 style=\"margin: 0; color: #ffffff; font-size: 21px; line-height: 1.35;\">Principales conclusiones<\/h3>\n  <\/div>\n  <div style=\"padding: 18px 22px;\">\n    <ul style=\"margin: 0; padding-left: 22px; line-height: 1.65;\">\n      <li style=\"margin-bottom: 10px;\"><strong><a href=\"https:\/\/bluegemsaba.com\/es\/autism-leadership\/\">Las personas autistas pueden sobresalir en diversos campos<\/a>.<\/strong> El art\u00edculo destaca logros en ciencia, deportes, actuaci\u00f3n, tecnolog\u00eda, econom\u00eda, medios sobre la naturaleza, activismo y vida p\u00fablica.<\/li>\n      <li style=\"margin-bottom: 10px;\"><strong>Las experiencias del autismo var\u00edan ampliamente.<\/strong> Las personas analizadas muestran diferentes combinaciones de dificultades sociales, intereses intensos, concentraci\u00f3n y otras caracter\u00edsticas.<\/li>\n      <li style=\"margin-bottom: 10px;\"><strong>No todas las identificaciones de autismo tienen el mismo grado de certeza.<\/strong> Algunas personas revelaron p\u00fablicamente o recibieron diagn\u00f3sticos, mientras que figuras hist\u00f3ricas como Albert Einstein y Benjamin Franklin se analizan de manera retrospectiva.<\/li>\n      <li style=\"margin-bottom: 0;\"><strong>El autismo no determina el potencial de una persona.<\/strong> Los ejemplos ilustran que los rasgos autistas y las necesidades de apoyo pueden coexistir con logros personales y profesionales significativos.<\/li>\n    <\/ul>\n  <\/div>\n<\/div>\n\n\n\n<div class=\"wp-block-group\"><div class=\"wp-block-group__inner-container is-layout-constrained wp-block-group-is-layout-constrained\">\n<h2 id=\"h-one-albert-einstein\" class=\"wp-block-heading\"><strong>Uno: Albert Einstein<\/strong><\/h2>\n\n\n\n<p class=\"wp-block-paragraph\">Muchos expertos creen que el f\u00edsico mundialmente famoso estaba dentro del espectro autista<a href=\"#reference1\"><sup><u>1<\/u><\/sup><\/a>, aunque no es seguro. Si bien diagnosticar a alguien con autismo despu\u00e9s de su muerte es imposible, existen muchos indicios que nos orientan en esa direcci\u00f3n. Algunas de sus caracter\u00edsticas que coinciden con el trastorno del espectro autista (TEA) incluyen <span style=\"text-decoration: underline;\"><a href=\"https:\/\/bluegemsaba.com\/es\/autism-and-communication-problems\/\">problemas de comunicaci\u00f3n<\/a><\/span>dificultad en las relaciones sociales e intereses obsesivos.<\/p>\n\n\n\n<p class=\"wp-block-paragraph\">Einstein, a quien muchas personas han descrito como un \u201csolitario\u201d, es uno de los cient\u00edficos m\u00e1s famosos que jam\u00e1s hayan existido. Es m\u00e1s conocido por su teor\u00eda de la relatividad y su f\u00f3rmula E = mc<sup>2<\/sup> La ecuaci\u00f3n es, sin duda, la ecuaci\u00f3n matem\u00e1tica m\u00e1s famosa del mundo.<\/p>\n\n\n\n<p class=\"wp-block-paragraph\"><span style=\"text-decoration: underline;\"><em><a href=\"https:\/\/professormichaelfitzgerald.eu\/genius-creativity-and-savantism\/\" data-type=\"link\" data-id=\"https:\/\/professormichaelfitzgerald.eu\/genius-creativity-and-savantism\/\">Lea m\u00e1s sobre el tema del autismo y la creatividad<\/a><\/em><\/span><\/p>\n<\/div><\/div>\n\n\n\n<div class=\"wp-block-group\"><div class=\"wp-block-group__inner-container is-layout-constrained wp-block-group-is-layout-constrained\">\n<h2 id=\"h-two-clay-marzo\" class=\"wp-block-heading\"><strong>Dos: Clay Marzo<\/strong><\/h2>\n\n\n\n<p class=\"wp-block-paragraph\">Clay Marzo, uno de los mejores surfistas del mundo, fue diagnosticado de TEA en 2007.<a href=\"#reference2\"><sup><u>2<\/u><\/sup><\/a>. En los \u00faltimos a\u00f1os, dijo que \"siempre supe que hab\u00eda algo diferente en m\u00ed\".<\/p>\n\n\n\n<p class=\"wp-block-paragraph\">Marzo tiene <span style=\"text-decoration: underline;\"><a href=\"https:\/\/bluegemsaba.com\/es\/hyperfocus-and-autism\/\" data-type=\"link\" data-id=\"https:\/\/bluegemsaba.com\/hyperfocus-and-autism\/\">atenci\u00f3n intensa<\/a><\/span>, lo cual de hecho le ha beneficiado bastante en su deporte. A menudo se le puede ver frot\u00e1ndose las manos r\u00e1pidamente antes de surfear, lo que es una de las maneras en las que realiza conductas autoestimulantes, o <span style=\"text-decoration: underline;\"><a href=\"https:\/\/bluegemsaba.com\/es\/stimming\/\" data-type=\"link\" data-id=\"https:\/\/bluegemsaba.com\/stimming\/\">estimulaci\u00f3n<\/a><\/span>.<\/p>\n\n\n\n<p class=\"wp-block-paragraph\">La familia describe a Clay como alguien que se comunica a trav\u00e9s del surf, un hilo conductor en el autismo donde la comunicaci\u00f3n normal tal vez sea dif\u00edcil, pero la comunicaci\u00f3n es posible a trav\u00e9s de otros medios. En una entrevista, Clay describi\u00f3 alguna vez el hecho de surfear dentro de un tubo de forma po\u00e9tica: \u201cEs como estar en la garganta de alguien y que tenga que toser\u201c.\u201d <\/p>\n\n\n\n<p class=\"wp-block-paragraph\"><span style=\"text-decoration: underline;\"><em><a href=\"https:\/\/www.neurodiversesport.com\/news-and-blog\/clay-marzo-surfing-autism-speaking-without-words\" data-type=\"link\" data-id=\"https:\/\/www.neurodiversesport.com\/news-and-blog\/clay-marzo-surfing-autism-speaking-without-words\">Obtenga m\u00e1s informaci\u00f3n sobre c\u00f3mo se comunica Clay y c\u00f3mo el autismo ha moldeado sus talentos en lugar de frenarlo<\/a><\/em><\/span><\/p>\n<\/div><\/div>\n\n\n\n<div class=\"wp-block-group\"><div class=\"wp-block-group__inner-container is-layout-constrained wp-block-group-is-layout-constrained\">\n<h2 id=\"h-three-anthony-hopkins\" class=\"wp-block-heading\"><strong>Tres: Anthony Hopkins<\/strong><\/h2>\n\n\n\n<p class=\"wp-block-paragraph\">Anthony Hopkins es uno de los actores m\u00e1s c\u00e9lebres de su tiempo, ganador de un Oscar, dos Emmy y tres BAFTA. Probablemente sea m\u00e1s conocido por su papel en El silencio de los corderos, aunque tambi\u00e9n ha participado en muchas otras pel\u00edculas.<\/p>\n\n\n\n<p class=\"wp-block-paragraph\">A Hopkins se le diagnostic\u00f3 el s\u00edndrome de Asperger en su edad adulta, y dicho trastorno se incluye ahora en el espectro del autismo.<\/p>\n\n\n\n<p class=\"wp-block-paragraph\">El propio Hopkins ha descartado la importancia de dicho diagn\u00f3stico al afirmar: \u201cTodas estas etiquetas, o sea, \u00bfa qui\u00e9n le importan? Pero ahora es una moda\u201d; tambi\u00e9n lo calific\u00f3 como \u201ctonter\u00eda\u201d.<\/p>\n\n\n\n<p class=\"wp-block-paragraph\"><em><span style=\"text-decoration: underline;\"><a href=\"https:\/\/www.foxnews.com\/entertainment\/anthony-hopkins-calls-mental-health-labels-nonsense-dismisses-autism-diagnosis-from-his-wife\" data-type=\"link\" data-id=\"https:\/\/www.foxnews.com\/entertainment\/anthony-hopkins-calls-mental-health-labels-nonsense-dismisses-autism-diagnosis-from-his-wife\">Obtenga m\u00e1s informaci\u00f3n sobre las opiniones de Anthony acerca de su propio diagn\u00f3stico<\/a><\/span><\/em><\/p>\n\n\n\n<div style=\"max-width: 100%; overflow-x: auto; display: block; margin: 24px 0; border-radius: 12px;\">\n  <table style=\"width: 100%; border-collapse: separate; border-spacing: 0; font-family: Arial, sans-serif; font-size: 15px; line-height: 1.5; color: #222222; background-color: #ffffff; border: 1px solid #d9e2ef; border-radius: 12px; overflow: hidden; text-align: left; word-wrap: break-word; white-space: normal; max-width: 100%;\">\n    <thead>\n      <tr style=\"background-color: #0f2c5a; color: #ffffff;\">\n        <th style=\"padding: 14px 16px; text-align: left; vertical-align: top; background-color: #0f2c5a;\">Persona<\/th>\n        <th style=\"padding: 14px 16px; text-align: left; vertical-align: top; background-color: #0f2c5a;\">Conocido por<\/th>\n        <th style=\"padding: 14px 16px; text-align: left; vertical-align: top; background-color: #0f2c5a;\">Diagn\u00f3stico \/ Identificaci\u00f3n<\/th>\n        <th style=\"padding: 14px 16px; text-align: left; vertical-align: top; background-color: #0f2c5a;\">Detalle relacionado con el TEA<\/th>\n        <th style=\"padding: 14px 16px; text-align: left; vertical-align: top; background-color: #0f2c5a;\">Logro clave<\/th>\n      <\/tr>\n    <\/thead>\n    <tbody>\n      <tr style=\"background-color: #ffffff;\">\n        <td style=\"padding: 14px 16px; border-bottom: 1px solid #e3e9f2; vertical-align: top;\"><strong>Albert Einstein<\/strong><\/td>\n        <td style=\"padding: 14px 16px; border-bottom: 1px solid #e3e9f2; vertical-align: top;\">F\u00edsica<\/td>\n        <td style=\"padding: 14px 16px; border-bottom: 1px solid #e3e9f2; vertical-align: top;\">Sospechado retrospectivamente; no confirmado<\/td>\n        <td style=\"padding: 14px 16px; border-bottom: 1px solid #e3e9f2; vertical-align: top;\">Descrito como alguien que presenta dificultades de comunicaci\u00f3n, desaf\u00edos sociales e intereses obsesivos.<\/td>\n        <td style=\"padding: 14px 16px; border-bottom: 1px solid #e3e9f2; vertical-align: top;\">Se convirti\u00f3 en uno de los f\u00edsicos m\u00e1s famosos del mundo.<\/td>\n      <\/tr>\n      <tr style=\"background-color: #f7f9fc;\">\n        <td style=\"padding: 14px 16px; border-bottom: 1px solid #e3e9f2; vertical-align: top;\"><strong>Clay Marzo<\/strong><\/td>\n        <td style=\"padding: 14px 16px; border-bottom: 1px solid #e3e9f2; vertical-align: top;\">Surf profesional<\/td>\n        <td style=\"padding: 14px 16px; border-bottom: 1px solid #e3e9f2; vertical-align: top;\">Diagnosticado con TEA en 2007<\/td>\n        <td style=\"padding: 14px 16px; border-bottom: 1px solid #e3e9f2; vertical-align: top;\">La concentraci\u00f3n intensa y el *stimming* se destacan en el art\u00edculo.<\/td>\n        <td style=\"padding: 14px 16px; border-bottom: 1px solid #e3e9f2; vertical-align: top;\">Se convirti\u00f3 en un surfista altamente consumado.<\/td>\n      <\/tr>\n      <tr style=\"background-color: #ffffff;\">\n        <td style=\"padding: 14px 16px; border-bottom: 1px solid #e3e9f2; vertical-align: top;\"><strong>Anthony Hopkins<\/strong><\/td>\n        <td style=\"padding: 14px 16px; border-bottom: 1px solid #e3e9f2; vertical-align: top;\">Actuando<\/td>\n        <td style=\"padding: 14px 16px; border-bottom: 1px solid #e3e9f2; vertical-align: top;\">descrito en el art\u00edculo como diagnosticado con el s\u00edndrome de Asperger<\/td>\n        <td style=\"padding: 14px 16px; border-bottom: 1px solid #e3e9f2; vertical-align: top;\">Su diagn\u00f3stico se encuadra en lo que hoy en d\u00eda se considera trastorno del espectro autista.<\/td>\n        <td style=\"padding: 14px 16px; border-bottom: 1px solid #e3e9f2; vertical-align: top;\">Actor galardonado con los premios \u00d3scar, Emmy y BAFTA.<\/td>\n      <\/tr>\n      <tr style=\"background-color: #f7f9fc;\">\n        <td style=\"padding: 14px 16px; border-bottom: 1px solid #e3e9f2; vertical-align: top;\"><strong>Elon Musk<\/strong><\/td>\n        <td style=\"padding: 14px 16px; border-bottom: 1px solid #e3e9f2; vertical-align: top;\">Tecnolog\u00eda y Emprendimiento<\/td>\n        <td style=\"padding: 14px 16px; border-bottom: 1px solid #e3e9f2; vertical-align: top;\">Revel\u00f3 p\u00fablicamente que padece el s\u00edndrome de Asperger<\/td>\n        <td style=\"padding: 14px 16px; border-bottom: 1px solid #e3e9f2; vertical-align: top;\">Habl\u00f3 p\u00fablicamente sobre encontrarse en el espectro autista.<\/td>\n        <td style=\"padding: 14px 16px; border-bottom: 1px solid #e3e9f2; vertical-align: top;\">Fund\u00f3 y dirigi\u00f3 importantes empresas de tecnolog\u00eda.<\/td>\n      <\/tr>\n      <tr style=\"background-color: #ffffff;\">\n        <td style=\"padding: 14px 16px; border-bottom: 1px solid #e3e9f2; vertical-align: top;\"><strong>Dr. Vernon Smith<\/strong><\/td>\n        <td style=\"padding: 14px 16px; border-bottom: 1px solid #e3e9f2; vertical-align: top;\">Econom\u00eda<\/td>\n        <td style=\"padding: 14px 16px; border-bottom: 1px solid #e3e9f2; vertical-align: top;\">Se identifica como autista<\/td>\n        <td style=\"padding: 14px 16px; border-bottom: 1px solid #e3e9f2; vertical-align: top;\">Ha descrito el autismo como algo que le ayuda a resistir ciertas presiones sociales.<\/td>\n        <td style=\"padding: 14px 16px; border-bottom: 1px solid #e3e9f2; vertical-align: top;\">Pionero de la econom\u00eda experimental galardonado con el Premio Nobel.<\/td>\n      <\/tr>\n      <tr style=\"background-color: #f7f9fc;\">\n        <td style=\"padding: 14px 16px; border-bottom: 1px solid #e3e9f2; vertical-align: top;\"><strong>Chris Packham<\/strong><\/td>\n        <td style=\"padding: 14px 16px; border-bottom: 1px solid #e3e9f2; vertical-align: top;\">Medios naturales<\/td>\n        <td style=\"padding: 14px 16px; border-bottom: 1px solid #e3e9f2; vertical-align: top;\">Diagnosticado con s\u00edndrome de Asperger en la edad adulta<\/td>\n        <td style=\"padding: 14px 16px; border-bottom: 1px solid #e3e9f2; vertical-align: top;\">Encontr\u00e9 m\u00e1s f\u00e1cil conectar con las aves y los animales que con otras personas.<\/td>\n        <td style=\"padding: 14px 16px; border-bottom: 1px solid #e3e9f2; vertical-align: top;\">Forj\u00f3 una carrera como presentador, naturalista, fot\u00f3grafo y autor.<\/td>\n      <\/tr>\n      <tr style=\"background-color: #ffffff;\">\n        <td style=\"padding: 14px 16px; border-bottom: 1px solid #e3e9f2; vertical-align: top;\"><strong>Greta Thunberg<\/strong><\/td>\n        <td style=\"padding: 14px 16px; border-bottom: 1px solid #e3e9f2; vertical-align: top;\">Activismo clim\u00e1tico<\/td>\n        <td style=\"padding: 14px 16px; border-bottom: 1px solid #e3e9f2; vertical-align: top;\">Revel\u00f3 p\u00fablicamente un diagn\u00f3stico de Asperger<\/td>\n        <td style=\"padding: 14px 16px; border-bottom: 1px solid #e3e9f2; vertical-align: top;\">Ha discutido p\u00fablicamente c\u00f3mo estar en el espectro afecta su vida.<\/td>\n        <td style=\"padding: 14px 16px; border-bottom: 1px solid #e3e9f2; vertical-align: top;\">Se convirti\u00f3 en una activista clim\u00e1tica reconocida a nivel mundial.<\/td>\n      <\/tr>\n      <tr style=\"background-color: #f7f9fc;\">\n        <td style=\"padding: 14px 16px; border-bottom: 1px solid #e3e9f2; vertical-align: top;\"><strong>Dan Aykroyd<\/strong><\/td>\n        <td style=\"padding: 14px 16px; border-bottom: 1px solid #e3e9f2; vertical-align: top;\">Comedia y Actuaci\u00f3n<\/td>\n        <td style=\"padding: 14px 16px; border-bottom: 1px solid #e3e9f2; vertical-align: top;\">Diagnosticado con autismo<\/td>\n        <td style=\"padding: 14px 16px; border-bottom: 1px solid #e3e9f2; vertical-align: top;\">Ha descrito un fuerte inter\u00e9s en la aplicaci\u00f3n de la ley y los fantasmas.<\/td>\n        <td style=\"padding: 14px 16px; border-bottom: 1px solid #e3e9f2; vertical-align: top;\">Miembro fundador del elenco de SNL y estrella de pel\u00edculas como Ghostbusters.<\/td>\n      <\/tr>\n      <tr style=\"background-color: #ffffff;\">\n        <td style=\"padding: 14px 16px; border-bottom: 1px solid #e3e9f2; vertical-align: top;\"><strong>Benjam\u00edn Franklin<\/strong><\/td>\n        <td style=\"padding: 14px 16px; border-bottom: 1px solid #e3e9f2; vertical-align: top;\">Pol\u00edtica, Ciencia e Invenci\u00f3n<\/td>\n        <td style=\"padding: 14px 16px; border-bottom: 1px solid #e3e9f2; vertical-align: top;\">Sospechado retrospectivamente; no confirmado<\/td>\n        <td style=\"padding: 14px 16px; border-bottom: 1px solid #e3e9f2; vertical-align: top;\">El art\u00edculo vincula aspectos de su vida y de su estilo de aprendizaje con el autismo.<\/td>\n        <td style=\"padding: 14px 16px; border-bottom: 1px solid #e3e9f2; vertical-align: top;\">Padre fundador, inventor y primer embajador de los Estados Unidos en Francia.<\/td>\n      <\/tr>\n      <tr style=\"background-color: #f7f9fc;\">\n        <td style=\"padding: 14px 16px; vertical-align: top;\"><strong>Bill Gates<\/strong><\/td>\n        <td style=\"padding: 14px 16px; vertical-align: top;\">Tecnolog\u00eda<\/td>\n        <td style=\"padding: 14px 16px; vertical-align: top;\">Discutido como sospechoso\/no confirmado en el art\u00edculo<\/td>\n        <td style=\"padding: 14px 16px; vertical-align: top;\">El art\u00edculo se\u00f1ala una concentraci\u00f3n intensa, torpeza social y contacto visual limitado, al tiempo que observa que estos elementos no establecen un diagn\u00f3stico.<\/td>\n        <td style=\"padding: 14px 16px; vertical-align: top;\">Coordin\u00f3 la fundaci\u00f3n de Microsoft y se convirti\u00f3 en uno de los l\u00edderes tecnol\u00f3gicos m\u00e1s conocidos del mundo.<\/td>\n      <\/tr>\n    <\/tbody>\n  <\/table>\n<\/div>\n<\/div><\/div>\n\n\n\n<div class=\"wp-block-group\"><div class=\"wp-block-group__inner-container is-layout-constrained wp-block-group-is-layout-constrained\">\n<h2 id=\"h-four-elon-musk\" class=\"wp-block-heading\"><strong>Cuatro: Elon Musk<\/strong><\/h2>\n\n\n\n<p class=\"wp-block-paragraph\">Elon Musk, el empresario que dirige compa\u00f1\u00edas como Tesla, la plataforma de redes sociales X y SpaceX, anunci\u00f3 mientras se encontraba <span style=\"text-decoration: underline;\"><a href=\"https:\/\/www.bbc.com\/news\/world-us-canada-57045770\" data-type=\"link\" data-id=\"https:\/\/www.bbc.com\/news\/world-us-canada-57045770\">la conducci\u00f3n de \u201cSaturday Night Live\u201d<\/a><\/span> en 2021 que tiene un trastorno del espectro autista.<\/p>\n\n\n\n<p class=\"wp-block-paragraph\">En aquel momento dijo que le hab\u00edan diagnosticado s\u00edndrome de Asperger<a href=\"#reference4\"><sup><u>4<\/u><\/sup><\/a>. Musk ha sido reconocido en ocasiones como la persona m\u00e1s rica del mundo, con un patrimonio neto muy superior a los $100.000 millones.<\/p>\n\n\n\n<p class=\"wp-block-paragraph\">Desde entonces, ha cruzado la l\u00ednea para convertirse en el primer billonario del mundo. <\/p>\n\n\n\n<p class=\"wp-block-paragraph\"><span style=\"text-decoration: underline;\"><em><a href=\"https:\/\/theconversation.com\/elon-musk-how-being-autistic-may-make-him-think-differently-194228\" data-type=\"link\" data-id=\"https:\/\/theconversation.com\/elon-musk-how-being-autistic-may-make-him-think-differently-194228\">Obtenga m\u00e1s informaci\u00f3n sobre c\u00f3mo el autismo pudo haber moldeado qui\u00e9n es Elon Musk<\/a><\/em><\/span><\/p>\n<\/div><\/div>\n\n\n\n<div class=\"wp-block-group\"><div class=\"wp-block-group__inner-container is-layout-constrained wp-block-group-is-layout-constrained\">\n<h2 id=\"h-five-dr-vernon-smith\" class=\"wp-block-heading\"><strong>Cinco: Dr. Vernon Smith<\/strong><\/h2>\n\n\n\n<p class=\"wp-block-paragraph\">El Dr. Vernon Smith es profesor de econom\u00eda en la Universidad de Chapman. Se le considera el inventor del campo de la econom\u00eda experimental, que le vali\u00f3 el Premio Nobel.<\/p>\n\n\n\n<p class=\"wp-block-paragraph\">Smith cree que su autismo le ha ayudado en la vida, ya que no siente la misma presi\u00f3n social para hacer ciertas cosas que los dem\u00e1s.<a href=\"#reference5\"><sup><u>5<\/u><\/sup><\/a>.<\/p>\n\n\n\n<p class=\"wp-block-paragraph\"><span style=\"text-decoration: underline;\"><em><a href=\"https:\/\/stemidea.org\/people\/vernon-smith\/\" data-type=\"link\" data-id=\"https:\/\/stemidea.org\/people\/vernon-smith\/\">Obtenga m\u00e1s informaci\u00f3n sobre el Dr. Vernon Smith<\/a><\/em><\/span><\/p>\n<\/div><\/div>\n\n\n\n<div class=\"wp-block-group\"><div class=\"wp-block-group__inner-container is-layout-constrained wp-block-group-is-layout-constrained\">\n<h2 id=\"h-six-chris-packham\" class=\"wp-block-heading\"><strong>Seis: Chris Packham<\/strong><\/h2>\n\n\n\n<p class=\"wp-block-paragraph\">Chris Packham es presentador de televisi\u00f3n, fot\u00f3grafo, escritor y naturalista. A los 40 a\u00f1os le diagnosticaron el s\u00edndrome de Asperger.<a href=\"#reference6\"><sup><u>6<\/u><\/sup><\/a>.<\/p>\n\n\n\n<p class=\"wp-block-paragraph\">Packham dice que en el colegio se burlaban de \u00e9l a menudo, lo que le provocaba depresi\u00f3n. Encontr\u00f3 una conexi\u00f3n con los p\u00e1jaros y los animales, con los que le resultaba m\u00e1s f\u00e1cil conectar que con otros seres humanos.<\/p>\n<\/div><\/div>\n\n\n\n<div class=\"wp-block-group\"><div class=\"wp-block-group__inner-container is-layout-constrained wp-block-group-is-layout-constrained\">\n<h2 id=\"h-seven-dr-greta-thunberg\" class=\"wp-block-heading\"><strong>Siete: Dra. Greta Thunberg<\/strong><\/h2>\n\n\n\n<p class=\"wp-block-paragraph\">La activista medioambiental sueca Dra. Greta Thunberg es esencialmente la cara p\u00fablica del movimiento de huelga del clima escolar. Comparti\u00f3 p\u00fablicamente en las redes sociales que le hab\u00edan diagnosticado s\u00edndrome de Asperger.<a href=\"#reference7\"><sup><u>7<\/u><\/sup><\/a>.<\/p>\n\n\n\n<p class=\"wp-block-paragraph\">Aunque ha dicho que su trastorno la ha limitado en el pasado, no le ha impedido conseguir lo que quiere.<\/p>\n<\/div><\/div>\n\n\n\n<div class=\"wp-block-group\"><div class=\"wp-block-group__inner-container is-layout-constrained wp-block-group-is-layout-constrained\">\n<h2 id=\"h-eight-dan-aykroyd\" class=\"wp-block-heading\"><strong>Ocho: Dan Aykroyd<\/strong><\/h2>\n\n\n\n<p class=\"wp-block-paragraph\">Dan Aykroyd es c\u00f3mico, actor, guionista y cantante. Es m\u00e1s conocido por ser uno de los primeros miembros del reparto de \"Saturday Night Live\" y participar en pel\u00edculas como \"The Blues Brothers\" y \"Cazafantasmas\".<\/p>\n\n\n\n<p class=\"wp-block-paragraph\">En la d\u00e9cada de 1980, se le diagnostic\u00f3 autismo<a href=\"#reference8\"><sup><u>8<\/u><\/sup><\/a>y de hecho fue expulsado de dos escuelas diferentes. Ha informado de que ha estado obsesionado con las fuerzas del orden y los fantasmas, y que lleva consigo una placa de polic\u00eda.<\/p>\n<\/div><\/div>\n\n\n\n<div class=\"wp-block-group\"><div class=\"wp-block-group__inner-container is-layout-constrained wp-block-group-is-layout-constrained\">\n<h2 id=\"h-nine-benjamin-franklin\" class=\"wp-block-heading\"><strong>Nueve: Benjamin Franklin<\/strong><\/h2>\n\n\n\n<p class=\"wp-block-paragraph\">Se cree que Benjamin Franklin, uno de los padres fundadores de Estados Unidos, pertenec\u00eda al espectro autista.<a href=\"#reference9\"><sup><u>9<\/u><\/sup><\/a>. Es conocido por muchos dichos famosos y muchos inventos, y tambi\u00e9n fue el primer embajador de Estados Unidos en Francia.<\/p>\n\n\n\n<p class=\"wp-block-paragraph\">De hecho, uno de sus dichos m\u00e1s famosos demuestra que las personas dentro del espectro autista son <span style=\"text-decoration: underline;\"><a href=\"https:\/\/bluegemsaba.com\/es\/visual-learning-and-autism\/\" data-type=\"link\" data-id=\"https:\/\/bluegemsaba.com\/visual-learning-and-autism\/\">estudiantes visuales<\/a><\/span>.<\/p>\n<\/div><\/div>\n\n\n\n<div class=\"wp-block-group\"><div class=\"wp-block-group__inner-container is-layout-constrained wp-block-group-is-layout-constrained\">\n<h2 id=\"h-ten-bill-gates\" class=\"wp-block-heading\"><strong>Diez Bill Gates<\/strong><\/h2>\n\n\n\n<p class=\"wp-block-paragraph\">Conocido sobre todo por fundar y dirigir Microsoft, una de las mayores empresas del mundo, hace tiempo que se rumorea que Gates tiene <span style=\"text-decoration: underline;\"><a href=\"https:\/\/bluegemsaba.com\/es\/is-aspergers-autism\/\">S\u00edndrome de Asperger<\/a><\/span><a href=\"#reference10\"><sup><u>10<\/u><\/sup><\/a>. Aunque nunca ha confirmado que tenga autismo, muchos de sus rasgos de personalidad se ajustan al perfil com\u00fan del Asperger.<\/p>\n\n\n\n<p class=\"wp-block-paragraph\">Por ejemplo, se sabe que muestra torpeza social, puede concentrarse intensamente y a menudo evita <span style=\"text-decoration: underline;\"><a href=\"https:\/\/bluegemsaba.com\/es\/the-trouble-with-eye-contact\/\" data-type=\"link\" data-id=\"https:\/\/bluegemsaba.com\/the-trouble-with-eye-contact\/\">contacto visual<\/a><\/span>. Por supuesto, todos estos son s\u00edntomas comunes del trastorno del espectro autista.<\/p>\n\n\n\n<p class=\"wp-block-paragraph\">Dicho esto, sin un diagn\u00f3stico confirmado, no sabemos si Bill Gates pertenece realmente al espectro autista. En cualquier caso, es una inspiraci\u00f3n para generaciones de ni\u00f1os que luchan socialmente pero necesitan saber que a\u00fan pueden triunfar.<\/p>\n\n\n\n<p class=\"wp-block-paragraph\"><strong style=\"font-size: 28px; letter-spacing: 0px;\">Blue Gems ABA ayuda a ni\u00f1os con autismo a prosperar<\/strong><\/p>\n\n\n\n<p class=\"wp-block-paragraph\">Gran parte de la atenci\u00f3n en torno a <span style=\"text-decoration: underline;\"><a href=\"https:\/\/bluegemsaba.com\/es\/autism-spectrum-disorder-asd\/\">trastorno del espectro autista<\/a><\/span> se centra en los retos a los que se enfrentan las personas con TEA. Pero, como puede verse en algunas de las personas citadas, los individuos con espectro autista pueden conseguir cosas extraordinarias.<\/p>\n\n\n\n<p class=\"wp-block-paragraph\">En <a href=\"https:\/\/bluegemsaba.com\/es\/\">Blue Gems ABA<\/a>, nuestro equipo de analistas de conducta certificados por el consejo (BCBA) con amplia experiencia ayuda a los ni\u00f1os con autismo a prosperar mediante la administraci\u00f3n de an\u00e1lisis aplicado de la conducta, o terapia ABA. Este enfoque de aprendizaje y comportamiento, basado en la ciencia y en la evidencia, ayuda a los pacientes a desarrollar <span style=\"text-decoration: underline;\"><a href=\"https:\/\/bluegemsaba.com\/es\/social-skills-groups\/\" data-type=\"link\" data-id=\"https:\/\/bluegemsaba.com\/social-skills-groups\/\">habilidades sociales, de comunicaci\u00f3n y de la vida diaria<\/a><\/span> con los que a menudo luchan.<\/p>\n\n\n\n<p class=\"wp-block-paragraph\">Para m\u00e1s informaci\u00f3n <a href=\"https:\/\/bluegemsaba.com\/es\/contact\/\">Cont\u00e1ctenos<\/a> Hoy.<\/p>\n\n\n\n<div style=\"max-width: 100%; margin: 28px 0; border: 1px solid #d9e2ef; border-radius: 12px; overflow: hidden; font-family: Arial, sans-serif; color: #222222; background-color: #ffffff; word-wrap: break-word; white-space: normal;\">\n  <div style=\"background-color: #0f2c5a; color: #ffffff; padding: 14px 18px;\">\n    <h3 style=\"margin: 0; color: #ffffff; font-size: 21px; line-height: 1.35;\">Preguntas frecuentes<\/h3>\n  <\/div>\n\n  <div style=\"padding: 18px 22px;\">\n    <div style=\"padding-bottom: 16px; margin-bottom: 16px; border-bottom: 1px solid #e3e9f2;\">\n      <h4 style=\"margin: 0 0 7px; color: #0f2c5a; font-size: 17px;\">\u00bfPueden las personas autistas tener \u00e9xito?<\/h4>\n      <p style=\"margin: 0; line-height: 1.6;\">S\u00ed. Las personas autistas trabajan y alcanzan el \u00e9xito en una gran variedad de profesiones, aunque el significado del \u00e9xito var\u00eda de una persona a otra.<\/p>\n    <\/div>\n\n    <div style=\"padding-bottom: 16px; margin-bottom: 16px; border-bottom: 1px solid #e3e9f2;\">\n      <h4 style=\"margin: 0 0 7px; color: #0f2c5a; font-size: 17px;\">\u00bfTodas las personas famosas descritas como autistas cuentan con un diagn\u00f3stico oficial?<\/h4>\n      <p style=\"margin: 0; line-height: 1.6;\">No. Algunos han revelado p\u00fablicamente un diagn\u00f3stico, mientras que las afirmaciones sobre ciertas personas hist\u00f3ricas o privadas son retrospectivas o no est\u00e1n confirmadas.<\/p>\n    <\/div>\n\n    <div style=\"padding-bottom: 16px; margin-bottom: 16px; border-bottom: 1px solid #e3e9f2;\">\n      <h4 style=\"margin: 0 0 7px; color: #0f2c5a; font-size: 17px;\">\u00bfSe puede diagnosticar el autismo a una persona en la edad adulta?<\/h4>\n      <p style=\"margin: 0; line-height: 1.6;\">S\u00ed. Algunas personas no reciben un <a href=\"https:\/\/bluegemsaba.com\/es\/signs-of-autism-in-adults\/\">diagn\u00f3stico de autismo hasta la edad adulta<\/a>, incluso cuando los rasgos autistas han estado presentes desde la infancia.<\/p>\n    <\/div>\n\n    <div style=\"padding-bottom: 16px; margin-bottom: 16px; border-bottom: 1px solid #e3e9f2;\">\n      <h4 style=\"margin: 0 0 7px; color: #0f2c5a; font-size: 17px;\">\u00bfPor qu\u00e9 se discuten a menudo los intereses intensos en relaci\u00f3n con el autismo?<\/h4>\n      <p style=\"margin: 0; line-height: 1.6;\"><a href=\"https:\/\/bluegemsaba.com\/es\/monotropism-in-autism\/\">Intereses enfocados o altamente espec\u00edficos<\/a> puede ser parte de la experiencia autista. Para algunas personas, esos intereses tambi\u00e9n pueden contribuir a un conocimiento profundo, disfrute o experiencia profesional.<\/p>\n    <\/div>\n\n    <div>\n      <h4 style=\"margin: 0 0 7px; color: #0f2c5a; font-size: 17px;\">\u00bfLas personas autistas famosas representan a todos los integrantes del espectro autista?<\/h4>\n      <p style=\"margin: 0; line-height: 1.6;\">No. El autismo es un espectro, y las figuras p\u00fablicas de gran \u00e9xito representan solo una peque\u00f1a parte de la amplia gama de experiencias, habilidades y necesidades de apoyo de las personas autistas.<\/p>\n    <\/div>\n  <\/div>\n<\/div>\n<\/div><\/div>\n\n\n\n<div class=\"wp-block-group\"><div class=\"wp-block-group__inner-container is-layout-constrained wp-block-group-is-layout-constrained\">\n<h2 id=\"h-references\" class=\"wp-block-heading\"><strong>Referencias<\/strong><\/h2>\n\n\n\n<ol class=\"wp-block-list\">\n<li id=\"reference1\"><a href=\"https:\/\/pmc.ncbi.nlm.nih.gov\/articles\/PMC539373\/\">https:\/\/pmc.ncbi.nlm.nih.gov<\/a><\/li>\n\n\n\n<li id=\"reference2\"><a href=\"https:\/\/www.mensjournal.com\/\">https:\/\/www.mensjournal.com\/adventure\/surfer-clay-marzo-on-his-new-book-about-living-with-aspergers<\/a><\/li>\n\n\n\n<li id=\"reference3\"><a href=\"https:\/\/www.scottpsychologicalservices.com\/articles\/56\/Anthony-Hopkins-and-Aspergers-Syndrome\/\">Anthony Hopkins y la condici\u00f3n de Asperger \u2013 Scott Psychological Centre<\/a><\/li>\n\n\n\n<li id=\"reference4\"><a href=\"https:\/\/www.axios.com\/\">https:\/\/www.axios.com\/2022\/04\/15\/elon-musk-aspergers-syndrome<\/a><\/li>\n\n\n\n<li id=\"reference5\"><a href=\"https:\/\/archive.nytimes.com\/\">https:\/\/archive.nytimes.com\/ideas.blogs.nytimes.com\/2009\/09\/23\/in-praise-of-autism\/<\/a><\/li>\n\n\n\n<li id=\"reference6\"><a href=\"https:\/\/www.itv.com\/\">https:\/\/www.itv.com\/news\/meridian\/2024-04-02\/chris-packham-i-loathed-myself-and-thought-i-was-broken-before-autism-diagnosis<\/a><\/li>\n\n\n\n<li id=\"reference7\"><a href=\"https:\/\/www.aruma.com.au\/\">https:\/\/www.aruma.com.au\/about-us\/blog\/greta-thunberg-the-story-of-the-climate-crisis-activist-with-autism-as-her-superpower\/<\/a><\/li>\n\n\n\n<li id=\"reference8\"><a href=\"https:\/\/childmind.org\/\">https:\/\/childmind.org\/blog\/dan-aykroyd-says-being-on-the-spectrum-helped-him-make-ghostbusters\/<\/a><\/li>\n\n\n\n<li id=\"reference9\"><a href=\"https:\/\/drlizangoff.com\/\">https:\/\/drlizangoff.com\/wp-content\/uploads\/2015\/07\/famous-people-with-learning-disabilities.pdf<\/a><\/li>\n\n\n\n<li id=\"reference10\"><a href=\"https:\/\/talismancamps.com\/how-bill-gates-won-with-aspergers\/\">https:\/\/talismancamps.com\/how-bill-gates-won-with-aspergers\/<\/a><\/li>\n<\/ol>\n<\/div><\/div>\n<\/div><\/section>","protected":false},"excerpt":{"rendered":"<p>Updated August 2026 People who have autism spectrum disorder (ASD) face many challenges in life. Just like the name of the neurodevelopmental disorder suggests, the signs and symptoms as well as severity certainly spans a wide spectrum, with people affected in significantly different ways. Some of the most common challenges that people on the autism [&hellip;]<\/p>\n","protected":false},"author":10,"featured_media":46335,"comment_status":"closed","ping_status":"closed","sticky":false,"template":"template-single-blog.php","format":"standard","meta":{"footnotes":""},"categories":[42,46],"tags":[],"class_list":["post-42435","post","type-post","status-publish","format-standard","has-post-thumbnail","hentry","category-autism","category-blog"],"yoast_head":"<!-- This site is optimized with the Yoast SEO Premium plugin v28.3 (Yoast SEO v28.3) - https:\/\/yoast.com\/product\/yoast-seo-premium-wordpress\/ -->\n<title>Ten Famous People with Autism - Blue Gems ABA Therapy<\/title>\n<meta name=\"description\" content=\"Many famous and successful people have had autism over our history. Learn more about how they overcame, or even used their autism to succeed...\" \/>\n<meta name=\"robots\" content=\"index, follow, max-snippet:-1, max-image-preview:large, max-video-preview:-1\" \/>\n<link rel=\"canonical\" href=\"https:\/\/bluegemsaba.com\/es\/10-famous-people-with-autism\/\" \/>\n<meta property=\"og:locale\" content=\"es_MX\" \/>\n<meta property=\"og:type\" content=\"article\" \/>\n<meta property=\"og:title\" content=\"Ten Famous People with Autism\" \/>\n<meta property=\"og:description\" content=\"Many famous and successful people have had autism over our history. Learn more about how they overcame, or even used their autism to succeed...\" \/>\n<meta property=\"og:url\" content=\"https:\/\/bluegemsaba.com\/es\/10-famous-people-with-autism\/\" \/>\n<meta property=\"og:site_name\" content=\"Blue Gems ABA Therapy\" \/>\n<meta property=\"article:publisher\" content=\"https:\/\/www.facebook.com\/BlueGemsABA\/\" \/>\n<meta property=\"article:published_time\" content=\"2024-12-24T06:00:02+00:00\" \/>\n<meta property=\"article:modified_time\" content=\"2026-08-28T14:03:21+00:00\" \/>\n<meta property=\"og:image\" content=\"https:\/\/bluegemsaba.com\/wp-content\/uploads\/2024\/12\/Ten-Famous-People-with-Autism-1.png\" \/>\n\t<meta property=\"og:image:width\" content=\"1000\" \/>\n\t<meta property=\"og:image:height\" content=\"417\" \/>\n\t<meta property=\"og:image:type\" content=\"image\/png\" \/>\n<meta name=\"author\" content=\"nate\" \/>\n<meta name=\"twitter:card\" content=\"summary_large_image\" \/>\n<meta name=\"twitter:label1\" content=\"Written by\" \/>\n\t<meta name=\"twitter:data1\" content=\"nate\" \/>\n\t<meta name=\"twitter:label2\" content=\"Est. reading time\" \/>\n\t<meta name=\"twitter:data2\" content=\"8 minutes\" \/>\n<script type=\"application\/ld+json\" class=\"yoast-schema-graph\">{\"@context\":\"https:\\\/\\\/schema.org\",\"@graph\":[{\"@type\":\"Article\",\"@id\":\"https:\\\/\\\/bluegemsaba.com\\\/10-famous-people-with-autism\\\/#article\",\"isPartOf\":{\"@id\":\"https:\\\/\\\/bluegemsaba.com\\\/10-famous-people-with-autism\\\/\"},\"author\":{\"name\":\"nate\",\"@id\":\"https:\\\/\\\/bluegemsaba.com\\\/#\\\/schema\\\/person\\\/ca97099e62db0cef70f4aafd63c6a0cc\"},\"headline\":\"Ten Famous People with Autism\",\"datePublished\":\"2024-12-24T06:00:02+00:00\",\"dateModified\":\"2026-08-28T14:03:21+00:00\",\"mainEntityOfPage\":{\"@id\":\"https:\\\/\\\/bluegemsaba.com\\\/10-famous-people-with-autism\\\/\"},\"wordCount\":1737,\"publisher\":{\"@id\":\"https:\\\/\\\/bluegemsaba.com\\\/#organization\"},\"image\":{\"@id\":\"https:\\\/\\\/bluegemsaba.com\\\/10-famous-people-with-autism\\\/#primaryimage\"},\"thumbnailUrl\":\"https:\\\/\\\/bluegemsaba.com\\\/wp-content\\\/uploads\\\/2024\\\/12\\\/Ten-Famous-People-with-Autism-1.png\",\"articleSection\":[\"Autism\",\"Blog\"],\"inLanguage\":\"es-MX\"},{\"@type\":\"WebPage\",\"@id\":\"https:\\\/\\\/bluegemsaba.com\\\/10-famous-people-with-autism\\\/\",\"url\":\"https:\\\/\\\/bluegemsaba.com\\\/10-famous-people-with-autism\\\/\",\"name\":\"Ten Famous People with Autism - Blue Gems ABA Therapy\",\"isPartOf\":{\"@id\":\"https:\\\/\\\/bluegemsaba.com\\\/#website\"},\"primaryImageOfPage\":{\"@id\":\"https:\\\/\\\/bluegemsaba.com\\\/10-famous-people-with-autism\\\/#primaryimage\"},\"image\":{\"@id\":\"https:\\\/\\\/bluegemsaba.com\\\/10-famous-people-with-autism\\\/#primaryimage\"},\"thumbnailUrl\":\"https:\\\/\\\/bluegemsaba.com\\\/wp-content\\\/uploads\\\/2024\\\/12\\\/Ten-Famous-People-with-Autism-1.png\",\"datePublished\":\"2024-12-24T06:00:02+00:00\",\"dateModified\":\"2026-08-28T14:03:21+00:00\",\"description\":\"Many famous and successful people have had autism over our history. Learn more about how they overcame, or even used their autism to succeed...\",\"breadcrumb\":{\"@id\":\"https:\\\/\\\/bluegemsaba.com\\\/10-famous-people-with-autism\\\/#breadcrumb\"},\"inLanguage\":\"es-MX\",\"potentialAction\":[{\"@type\":\"ReadAction\",\"target\":[\"https:\\\/\\\/bluegemsaba.com\\\/10-famous-people-with-autism\\\/\"]}]},{\"@type\":\"ImageObject\",\"inLanguage\":\"es-MX\",\"@id\":\"https:\\\/\\\/bluegemsaba.com\\\/10-famous-people-with-autism\\\/#primaryimage\",\"url\":\"https:\\\/\\\/bluegemsaba.com\\\/wp-content\\\/uploads\\\/2024\\\/12\\\/Ten-Famous-People-with-Autism-1.png\",\"contentUrl\":\"https:\\\/\\\/bluegemsaba.com\\\/wp-content\\\/uploads\\\/2024\\\/12\\\/Ten-Famous-People-with-Autism-1.png\",\"width\":1000,\"height\":417},{\"@type\":\"BreadcrumbList\",\"@id\":\"https:\\\/\\\/bluegemsaba.com\\\/10-famous-people-with-autism\\\/#breadcrumb\",\"itemListElement\":[{\"@type\":\"ListItem\",\"position\":1,\"name\":\"Home\",\"item\":\"https:\\\/\\\/bluegemsaba.com\\\/\"},{\"@type\":\"ListItem\",\"position\":2,\"name\":\"Ten Famous People with Autism\"}]},{\"@type\":\"WebSite\",\"@id\":\"https:\\\/\\\/bluegemsaba.com\\\/#website\",\"url\":\"https:\\\/\\\/bluegemsaba.com\\\/\",\"name\":\"Blue Gems ABA\",\"description\":\"ABA Therapy\",\"publisher\":{\"@id\":\"https:\\\/\\\/bluegemsaba.com\\\/#organization\"},\"potentialAction\":[{\"@type\":\"SearchAction\",\"target\":{\"@type\":\"EntryPoint\",\"urlTemplate\":\"https:\\\/\\\/bluegemsaba.com\\\/?s={search_term_string}\"},\"query-input\":{\"@type\":\"PropertyValueSpecification\",\"valueRequired\":true,\"valueName\":\"search_term_string\"}}],\"inLanguage\":\"es-MX\"},{\"@type\":[\"Organization\",\"Place\"],\"@id\":\"https:\\\/\\\/bluegemsaba.com\\\/#organization\",\"name\":\"Blue Gems ABA\",\"url\":\"https:\\\/\\\/bluegemsaba.com\\\/\",\"logo\":{\"@id\":\"https:\\\/\\\/bluegemsaba.com\\\/10-famous-people-with-autism\\\/#local-main-organization-logo\"},\"image\":{\"@id\":\"https:\\\/\\\/bluegemsaba.com\\\/10-famous-people-with-autism\\\/#local-main-organization-logo\"},\"sameAs\":[\"https:\\\/\\\/www.facebook.com\\\/BlueGemsABA\\\/\"],\"telephone\":[],\"openingHoursSpecification\":[{\"@type\":\"OpeningHoursSpecification\",\"dayOfWeek\":[\"Monday\",\"Tuesday\",\"Wednesday\",\"Thursday\",\"Friday\",\"Saturday\",\"Sunday\"],\"opens\":\"09:00\",\"closes\":\"17:00\"}]},{\"@type\":\"Person\",\"@id\":\"https:\\\/\\\/bluegemsaba.com\\\/#\\\/schema\\\/person\\\/ca97099e62db0cef70f4aafd63c6a0cc\",\"name\":\"nate\",\"image\":{\"@type\":\"ImageObject\",\"inLanguage\":\"es-MX\",\"@id\":\"https:\\\/\\\/secure.gravatar.com\\\/avatar\\\/0fa5b3e57a7542eb186b84b012fcc47b8a25cb0be551d4110899d50eac9e84ec?s=96&d=mm&r=g\",\"url\":\"https:\\\/\\\/secure.gravatar.com\\\/avatar\\\/0fa5b3e57a7542eb186b84b012fcc47b8a25cb0be551d4110899d50eac9e84ec?s=96&d=mm&r=g\",\"contentUrl\":\"https:\\\/\\\/secure.gravatar.com\\\/avatar\\\/0fa5b3e57a7542eb186b84b012fcc47b8a25cb0be551d4110899d50eac9e84ec?s=96&d=mm&r=g\",\"caption\":\"nate\"},\"url\":\"https:\\\/\\\/bluegemsaba.com\\\/es\\\/author\\\/nate\\\/\"},{\"@type\":\"ImageObject\",\"inLanguage\":\"es-MX\",\"@id\":\"https:\\\/\\\/bluegemsaba.com\\\/10-famous-people-with-autism\\\/#local-main-organization-logo\",\"url\":\"https:\\\/\\\/bluegemsaba.com\\\/wp-content\\\/uploads\\\/2026\\\/03\\\/blue-gems-aba-logo-1-v2.svg\",\"contentUrl\":\"https:\\\/\\\/bluegemsaba.com\\\/wp-content\\\/uploads\\\/2026\\\/03\\\/blue-gems-aba-logo-1-v2.svg\",\"width\":405,\"height\":79,\"caption\":\"Blue Gems ABA\"}]}<\/script>\n<!-- \/ Yoast SEO Premium plugin. -->","yoast_head_json":{"title":"Diez Personas Famosas con Autismo - Terapia ABA Blue Gems","description":"Muchas personas famosas y de \u00e9xito han tenido autismo a lo largo de nuestra historia. Descubre c\u00f3mo superaron o incluso utilizaron su autismo para triunfar...","robots":{"index":"index","follow":"follow","max-snippet":"max-snippet:-1","max-image-preview":"max-image-preview:large","max-video-preview":"max-video-preview:-1"},"canonical":"https:\/\/bluegemsaba.com\/es\/10-famous-people-with-autism\/","og_locale":"es_MX","og_type":"article","og_title":"Ten Famous People with Autism","og_description":"Many famous and successful people have had autism over our history. Learn more about how they overcame, or even used their autism to succeed...","og_url":"https:\/\/bluegemsaba.com\/es\/10-famous-people-with-autism\/","og_site_name":"Blue Gems ABA Therapy","article_publisher":"https:\/\/www.facebook.com\/BlueGemsABA\/","article_published_time":"2024-12-24T06:00:02+00:00","article_modified_time":"2026-08-28T14:03:21+00:00","og_image":[{"width":1000,"height":417,"url":"https:\/\/bluegemsaba.com\/wp-content\/uploads\/2024\/12\/Ten-Famous-People-with-Autism-1.png","type":"image\/png"}],"author":"nate","twitter_card":"summary_large_image","twitter_misc":{"Written by":"nate","Est. reading time":"8 minutes"},"schema":{"@context":"https:\/\/schema.org","@graph":[{"@type":"Article","@id":"https:\/\/bluegemsaba.com\/10-famous-people-with-autism\/#article","isPartOf":{"@id":"https:\/\/bluegemsaba.com\/10-famous-people-with-autism\/"},"author":{"name":"nate","@id":"https:\/\/bluegemsaba.com\/#\/schema\/person\/ca97099e62db0cef70f4aafd63c6a0cc"},"headline":"Ten Famous People with Autism","datePublished":"2024-12-24T06:00:02+00:00","dateModified":"2026-08-28T14:03:21+00:00","mainEntityOfPage":{"@id":"https:\/\/bluegemsaba.com\/10-famous-people-with-autism\/"},"wordCount":1737,"publisher":{"@id":"https:\/\/bluegemsaba.com\/#organization"},"image":{"@id":"https:\/\/bluegemsaba.com\/10-famous-people-with-autism\/#primaryimage"},"thumbnailUrl":"https:\/\/bluegemsaba.com\/wp-content\/uploads\/2024\/12\/Ten-Famous-People-with-Autism-1.png","articleSection":["Autism","Blog"],"inLanguage":"es-MX"},{"@type":"WebPage","@id":"https:\/\/bluegemsaba.com\/10-famous-people-with-autism\/","url":"https:\/\/bluegemsaba.com\/10-famous-people-with-autism\/","name":"Diez Personas Famosas con Autismo - Terapia ABA Blue Gems","isPartOf":{"@id":"https:\/\/bluegemsaba.com\/#website"},"primaryImageOfPage":{"@id":"https:\/\/bluegemsaba.com\/10-famous-people-with-autism\/#primaryimage"},"image":{"@id":"https:\/\/bluegemsaba.com\/10-famous-people-with-autism\/#primaryimage"},"thumbnailUrl":"https:\/\/bluegemsaba.com\/wp-content\/uploads\/2024\/12\/Ten-Famous-People-with-Autism-1.png","datePublished":"2024-12-24T06:00:02+00:00","dateModified":"2026-08-28T14:03:21+00:00","description":"Muchas personas famosas y de \u00e9xito han tenido autismo a lo largo de nuestra historia. Descubre c\u00f3mo superaron o incluso utilizaron su autismo para triunfar...","breadcrumb":{"@id":"https:\/\/bluegemsaba.com\/10-famous-people-with-autism\/#breadcrumb"},"inLanguage":"es-MX","potentialAction":[{"@type":"ReadAction","target":["https:\/\/bluegemsaba.com\/10-famous-people-with-autism\/"]}]},{"@type":"ImageObject","inLanguage":"es-MX","@id":"https:\/\/bluegemsaba.com\/10-famous-people-with-autism\/#primaryimage","url":"https:\/\/bluegemsaba.com\/wp-content\/uploads\/2024\/12\/Ten-Famous-People-with-Autism-1.png","contentUrl":"https:\/\/bluegemsaba.com\/wp-content\/uploads\/2024\/12\/Ten-Famous-People-with-Autism-1.png","width":1000,"height":417},{"@type":"BreadcrumbList","@id":"https:\/\/bluegemsaba.com\/10-famous-people-with-autism\/#breadcrumb","itemListElement":[{"@type":"ListItem","position":1,"name":"Home","item":"https:\/\/bluegemsaba.com\/"},{"@type":"ListItem","position":2,"name":"Ten Famous People with Autism"}]},{"@type":"WebSite","@id":"https:\/\/bluegemsaba.com\/#website","url":"https:\/\/bluegemsaba.com\/","name":"Blue Gems ABA","description":"Terapia ABA","publisher":{"@id":"https:\/\/bluegemsaba.com\/#organization"},"potentialAction":[{"@type":"SearchAction","target":{"@type":"EntryPoint","urlTemplate":"https:\/\/bluegemsaba.com\/?s={search_term_string}"},"query-input":{"@type":"PropertyValueSpecification","valueRequired":true,"valueName":"search_term_string"}}],"inLanguage":"es-MX"},{"@type":["Organization","Place"],"@id":"https:\/\/bluegemsaba.com\/#organization","name":"Blue Gems ABA","url":"https:\/\/bluegemsaba.com\/","logo":{"@id":"https:\/\/bluegemsaba.com\/10-famous-people-with-autism\/#local-main-organization-logo"},"image":{"@id":"https:\/\/bluegemsaba.com\/10-famous-people-with-autism\/#local-main-organization-logo"},"sameAs":["https:\/\/www.facebook.com\/BlueGemsABA\/"],"telephone":[],"openingHoursSpecification":[{"@type":"OpeningHoursSpecification","dayOfWeek":["Monday","Tuesday","Wednesday","Thursday","Friday","Saturday","Sunday"],"opens":"09:00","closes":"17:00"}]},{"@type":"Person","@id":"https:\/\/bluegemsaba.com\/#\/schema\/person\/ca97099e62db0cef70f4aafd63c6a0cc","name":"nate","image":{"@type":"ImageObject","inLanguage":"es-MX","@id":"https:\/\/secure.gravatar.com\/avatar\/0fa5b3e57a7542eb186b84b012fcc47b8a25cb0be551d4110899d50eac9e84ec?s=96&d=mm&r=g","url":"https:\/\/secure.gravatar.com\/avatar\/0fa5b3e57a7542eb186b84b012fcc47b8a25cb0be551d4110899d50eac9e84ec?s=96&d=mm&r=g","contentUrl":"https:\/\/secure.gravatar.com\/avatar\/0fa5b3e57a7542eb186b84b012fcc47b8a25cb0be551d4110899d50eac9e84ec?s=96&d=mm&r=g","caption":"nate"},"url":"https:\/\/bluegemsaba.com\/es\/author\/nate\/"},{"@type":"ImageObject","inLanguage":"es-MX","@id":"https:\/\/bluegemsaba.com\/10-famous-people-with-autism\/#local-main-organization-logo","url":"https:\/\/bluegemsaba.com\/wp-content\/uploads\/2026\/03\/blue-gems-aba-logo-1-v2.svg","contentUrl":"https:\/\/bluegemsaba.com\/wp-content\/uploads\/2026\/03\/blue-gems-aba-logo-1-v2.svg","width":405,"height":79,"caption":"Blue Gems ABA"}]}},"_links":{"self":[{"href":"https:\/\/bluegemsaba.com\/es\/wp-json\/wp\/v2\/posts\/42435","targetHints":{"allow":["GET"]}}],"collection":[{"href":"https:\/\/bluegemsaba.com\/es\/wp-json\/wp\/v2\/posts"}],"about":[{"href":"https:\/\/bluegemsaba.com\/es\/wp-json\/wp\/v2\/types\/post"}],"author":[{"embeddable":true,"href":"https:\/\/bluegemsaba.com\/es\/wp-json\/wp\/v2\/users\/10"}],"replies":[{"embeddable":true,"href":"https:\/\/bluegemsaba.com\/es\/wp-json\/wp\/v2\/comments?post=42435"}],"version-history":[{"count":4,"href":"https:\/\/bluegemsaba.com\/es\/wp-json\/wp\/v2\/posts\/42435\/revisions"}],"predecessor-version":[{"id":46338,"href":"https:\/\/bluegemsaba.com\/es\/wp-json\/wp\/v2\/posts\/42435\/revisions\/46338"}],"wp:featuredmedia":[{"embeddable":true,"href":"https:\/\/bluegemsaba.com\/es\/wp-json\/wp\/v2\/media\/46335"}],"wp:attachment":[{"href":"https:\/\/bluegemsaba.com\/es\/wp-json\/wp\/v2\/media?parent=42435"}],"wp:term":[{"taxonomy":"category","embeddable":true,"href":"https:\/\/bluegemsaba.com\/es\/wp-json\/wp\/v2\/categories?post=42435"},{"taxonomy":"post_tag","embeddable":true,"href":"https:\/\/bluegemsaba.com\/es\/wp-json\/wp\/v2\/tags?post=42435"}],"curies":[{"name":"wp","href":"https:\/\/api.w.org\/{rel}","templated":true}]}}